{"id":3290,"date":"2024-06-25T14:06:09","date_gmt":"2024-06-25T12:06:09","guid":{"rendered":"https:\/\/www.kananas.com\/uniondesretraitesducreditlyonnaisurcl2536\/?p=3290"},"modified":"2024-06-25T14:06:09","modified_gmt":"2024-06-25T12:06:09","slug":"compte-rendu-de-la-croisiere-algerie-du-2-au-9-mai-2024","status":"publish","type":"post","link":"https:\/\/www.kananas.com\/uniondesretraitesducreditlyonnaisurcl2536\/2024\/06\/25\/compte-rendu-de-la-croisiere-algerie-du-2-au-9-mai-2024\/","title":{"rendered":"Compte-rendu de la Croisi\u00e8re Alg\u00e9rie du 2 au 9 mai 2024"},"content":{"rendered":"<p><strong>\u00a0<\/strong><\/p>\n<p style=\"text-align: center\"><span style=\"color: #008000;font-size: 14pt\"><strong>L\u2019Alg\u00e9rie Mill\u00e9naire entre Orient et Occident<\/strong><\/span><\/p>\n<p><span style=\"font-size: 14pt\"><strong>\u00a0<\/strong><\/span><\/p>\n<p><strong>02 Mai &#8211; Nice<\/strong><\/p>\n<p style=\"text-align: justify\">\u00a0C\u2019est une sorte de retour vers une vie pass\u00e9e que la plupart des passagers embarquant sur le MS Hambourg le 2 mai \u00e0 Nice sont venus rechercher lors de cette croisi\u00e8re.<\/p>\n<p style=\"text-align: justify\">Apr\u00e8s un d\u00e9part sans probl\u00e8me, le groupe URCL au complet est sur le pont et voit s\u2019\u00e9loigner la magnifique baie Ni\u00e7oise en direction de la Sardaigne.<\/p>\n<p style=\"text-align: justify\">Mais cette premi\u00e8re travers\u00e9s ne va pas se d\u00e9rouler sans probl\u00e8me, la mer tr\u00e8s houleuse et fortement agit\u00e9e, creux jusqu\u2019\u00e0 6 m\u00e8tres, laissera quelques d\u00e9sagr\u00e9ables souvenirs \u00e0 nos estomacs durant la nuit.<\/p>\n<p><strong>03 Mai &#8211; La Sardaigne<\/strong><\/p>\n<p style=\"text-align: justify\">\u00a0Cette nuit perturb\u00e9e sera le sujet principal du petit d\u00e9jeuner le lendemain matin, mais qui sera oubli\u00e9 d\u00e8s l\u2019arriv\u00e9e sans probl\u00e8me en Sardaigne. Nous quitterons le bateau en direction d\u2019un village constitu\u00e9 d\u2019une imposante forteresse tronconique (-1500 av JC) au pied de laquelle les tribus abrit\u00e9es dans des maisons circulaires venaient se prot\u00e9ger. Ensuite nous traversons la campagne Sarde, d\u00e9couvrant ses vignobles, ses plantations d\u2019oliviers, orangers et ses for\u00eats d\u2019eucalyptus pour rejoindre Alghero. Nous ferons la visite p\u00e9destre de la ville et remarquerons les ruines et les fortifications m\u00e9di\u00e9vales avant un retour tardif au bateau.<\/p>\n<p style=\"text-align: justify\">Ap\u00e9ritif avec pr\u00e9sentation des \u00e9quipages. Diner et soir\u00e9e \u201c\u00a0Michel Sardou\u201c.<\/p>\n<p><strong>04 Mai &#8211; Skikda<\/strong><\/p>\n<p style=\"text-align: justify\">\u00a0Au r\u00e9veil nous d\u00e9couvrons le port de Skikda, ex Philippeville. La nuit a \u00e9t\u00e9 calme comme le sera d\u2019ailleurs le reste de la croisi\u00e8re. Le port est \u00e0 vocation commerciale : il s\u2019est tourn\u00e9 aujourd\u2019hui vers la p\u00e9trochimie et l\u2019exploitation industrielle des ressources de la r\u00e9gion (plomb, argent, cimenterie\u2026). Nous quitterons Skikda vers Constantine \u00e0 90km. Constantine est une jolie ville construite sur un ensemble de rochers calcaires, le plus \u00e9lev\u00e9 est \u00e0 644m et domine le ravin o\u00f9 coule l\u2019oued Rummel. La ville, 2500ans d\u2019histoire, est c\u00e9l\u00e8bre notamment pour ses 7 ponts construits aux diverses \u00e9poques, le plus ancien date de la pr\u00e9sence Romaine. Nous visiterons le mus\u00e9e de Cirta avant de regagner le bateau.<\/p>\n<p style=\"text-align: justify\">En soir\u00e9e, concert de guitares classiques et nuit r\u00e9paratrice.<\/p>\n<p><strong>05 Mai &#8211; Alger<\/strong><\/p>\n<p style=\"text-align: justify\">\u00a0Dans la matin\u00e9e nous nous approchons du port d\u2019Alger. Vers 12h chacun se pr\u00e9cipite \u00e0 l\u2019arri\u00e8re du bateau pour d\u00e9couvrir et immortaliser la vue sur Alger \u00ab\u00a0 la Blanche \u00bb. La blancheur des maisons et des c\u00e9l\u00e8bres arcades est moins \u00e9clatante qu\u2019attendue.<\/p>\n<p style=\"text-align: justify\">Apr\u00e8s le d\u00e9jeuner, visite p\u00e9destre de la ville et de sa c\u00e9l\u00e8bre casbah tr\u00e8s anim\u00e9e que nous traversons pour d\u00e9couvrir ses maisons \u00ab\u00a0cube\u00a0\u00bb, diverses en taille et couleur, gris ou blanc sans fen\u00eatre, ses ruelles \u00e9troites o\u00f9 les maisons semblent pr\u00eates \u00e0 se rejoindre, sa population plut\u00f4t jeune et accueillante.<\/p>\n<p style=\"text-align: justify\">Nous irons ensuite voir la basilique Notre Dame d\u2019Afrique dominant de 125 m\u00e8tres la ville et nous offrant une belle vue sur les quartiers Ouest d\u2019Alger.<\/p>\n<p style=\"text-align: justify\">Retour au bateau, diner et concert par trois musiciens tr\u00e8s dynamiques jouant diverses musiques de film.<\/p>\n<p><strong>6 Mai &#8211; Tipaza<\/strong><\/p>\n<p style=\"text-align: justify\">\u00a0D\u00e9part matinal pour Tipaza et Cherchell \u00e0 65 km. Le site de Tipaza est class\u00e9 au patrimoine mondial de l\u2019humanit\u00e9 par l\u2019UNESCO.<\/p>\n<p style=\"text-align: justify\">Nous arrivons \u00e0 Cherchell apr\u00e8s une pause sur la place et un coup d\u2019\u0153il au port. Nous visiterons le mus\u00e9e qui regorge de mosa\u00efques et de statues de l\u2019\u00e9poque Romaine dont la principale est celle d\u2019Apollon.<\/p>\n<p style=\"text-align: justify\">A Tipaza ensuite, le site romain que nous d\u00e9couvrons abrite les vestiges de la ville romaine ainsi que des vestiges du comptoir Ph\u00e9nicien du VI\u00e8me si\u00e8cle av JC. Nous parcourons ces vestiges, d\u00e9couvrant au travers des commentaires l\u2019amphith\u00e9\u00e2tre, les monuments civiques ou religieux et quelques surfaces encore garnies de mosa\u00efques.<\/p>\n<p style=\"text-align: justify\">Apr\u00e8s un agr\u00e9able mais trop long d\u00e9jeuner, il parait que la dorade \u00e9tait excellente, nous reprenons la route Un peu de d\u00e9ception pour certains lorsque nous quittons le site ne pas avoir pu faire le crochet vers l\u2019\u00e9cole des officiers o\u00f9 ils ont fait leur formation il y a \u201cquelques ann\u00e9es\u201c.<\/p>\n<p style=\"text-align: justify\">Nous poursuivons donc au travers d\u2019une campagne plut\u00f4t verdoyante vers un curieux site \u00e0 13km perch\u00e9 sur une colline de 250m, il s\u2019agit d\u2019un Mausol\u00e9e royal de l\u2019\u00e9poque mauritanienne\u00a0\u00ab le tombeau de la Chr\u00e9tienne\u00a0\u00bb, sa base est un cylindre de 60m pour une hauteur de 30m. C\u2019est un empilement de blocs de pierre orn\u00e9 de soixante colonnes en relief rappelant quelque peu la forme et le type de construction des pyramides.<\/p>\n<p style=\"text-align: justify\">Diner et r\u00e9cital de ses compositions par le clone de Sardou.<\/p>\n<p><strong>07 Mai &#8211; Oran<\/strong><\/p>\n<p style=\"text-align: justify\">\u00a0Arriv\u00e9e de bonne heure \u00e0 Oran au fond de la baie de Mers El-K\u00e9bir. La ville date du X\u00e8me si\u00e8cle, elle se situe dans une r\u00e9gion \u00e0 vocation agricole (fruits, l\u00e9gumes et vin).<\/p>\n<p style=\"text-align: justify\">Nous quittons le bateau de bonne heure pour une visite de cette belle ville par un beau soleil.<\/p>\n<p style=\"text-align: justify\">Nous d\u00e9couvrirons la cath\u00e9drale avec sa fa\u00e7ade de style byzantin transform\u00e9e aujourd\u2019hui en biblioth\u00e8que, nous profiterons des marches de l\u2019entr\u00e9e pour prendre notre photo de groupe.<\/p>\n<p><img loading=\"lazy\" decoding=\"async\" class=\" wp-image-3292 aligncenter\" src=\"https:\/\/www.kananas.com\/uniondesretraitesducreditlyonnaisurcl2536\/wp-content\/uploads\/sites\/681\/2024\/06\/Groupe-Algerie-300x213.jpg\" alt=\"\" width=\"366\" height=\"260\" srcset=\"https:\/\/www.kananas.com\/uniondesretraitesducreditlyonnaisurcl2536\/wp-content\/uploads\/sites\/681\/2024\/06\/Groupe-Algerie-300x213.jpg 300w, https:\/\/www.kananas.com\/uniondesretraitesducreditlyonnaisurcl2536\/wp-content\/uploads\/sites\/681\/2024\/06\/Groupe-Algerie.jpg 476w\" sizes=\"auto, (max-width: 366px) 100vw, 366px\" \/><\/p>\n<p style=\"text-align: justify\">Nous traversons une tr\u00e8s belle avenue bord\u00e9e de beaux h\u00f4tels rappelant l\u2019\u00e9poque fran\u00e7aise.<\/p>\n<p style=\"text-align: justify\">Puis nous nous prom\u00e8nerons dans les rues pour d\u00e9couvrir la place d\u2019armes et la st\u00e8le \u00e0 l\u2019effigie de l\u2019\u00e9mir Abd El-Kader au centre, l\u2019H\u00f4tel de Ville avec son entr\u00e9e gard\u00e9e par deux lions de bronze et le th\u00e9\u00e2tre de la ville.<\/p>\n<p style=\"text-align: justify\">Nous poursuivons notre visite en montant voir l\u2019\u00e9glise Santa Cruz \u00e9difi\u00e9e au cours du XVI\u00e8me si\u00e8cle surmont\u00e9e de la Vierge \u201cembrum\u00e9e\u201c et le Fort militaire qui domine la colline, de l\u00e0 nous aurons une vue magnifique sur toute la ville et ses environs.<\/p>\n<p style=\"text-align: justify\">Retour pour d\u00e9jeuner au bateau qui reprend rapidement la mer.<\/p>\n<p style=\"text-align: justify\">Apr\u00e8s-midi \u00e0 bord pour farniente et pr\u00e9parer la soir\u00e9e du Commandant.<\/p>\n<p style=\"text-align: justify\">Ap\u00e9ritif, discours bien sympathiques puis Diner. En soir\u00e9e c\u2019est l\u2019animateur de nos soir\u00e9es qui nous fait appr\u00e9cier son agr\u00e9able timbre de voix.<\/p>\n<p style=\"text-align: justify\">Navigation vers l\u2019Espagne.<\/p>\n<p><strong>8 Mai &#8211; Alicante<\/strong><\/p>\n<p style=\"text-align: justify\">Arriv\u00e9e dans le port d\u2019Alicante en tout d\u00e9but de matin\u00e9e. Capitale de la province de Valence la ville est un port de commerce en pleine croissance<\/p>\n<p style=\"text-align: justify\">\u00a0Nous partons rapidement pour Elche o\u00f9 nous visiterons la palmeraie unique en Europe par son \u00e9tendue et sa centaine de milliers de dattiers. On verra en parcourant ce jardin des fleurs magnifiques et deux jolis Paons dont un au plumage blanc. Nous irons \u00e9galement voir la Cath\u00e9drale Santa Maria et son portail baroque avant de retourner au bateau et reprendre la mer.<\/p>\n<p style=\"text-align: justify\">Apr\u00e8s midi libre et pr\u00e9paration de la fin du voyage, derni\u00e8re nuit \u00e0 bord.<\/p>\n<p style=\"text-align: justify\">Diner suivi d\u2019un spectacle tr\u00e8s dynamique anim\u00e9 par l\u2019ensemble des artistes de la croisi\u00e8re, soir\u00e9e r\u00e9ussie.<\/p>\n<p><strong>9 Mai &#8211; fin du voyage<\/strong><\/p>\n<p style=\"text-align: justify\">Arriv\u00e9e \u00e0 Barcelone, c\u2019est la fin du voyage apr\u00e8s un petit coup d\u2019\u0153il sur le quartier du port et une courte promenade sur les Ramblas\u00a0; c\u2019est l\u2019avion et le retour vers Paris.<\/p>\n<p style=\"text-align: justify\">De l\u2019avis de tous les Participants ce fut une croisi\u00e8re r\u00e9ussie dans une tr\u00e8s bonne ambiance m\u00eame si la rapidit\u00e9 des visites n\u2019a pas toujours permis de voir et de comprendre ce qu\u2019est l\u2019Alg\u00e9rie d\u2019aujourd\u2019hui.<\/p>\n<p style=\"text-align: justify\">Je n\u2019ai pas \u00e9voqu\u00e9 dans le courant de ce compte rendu les diff\u00e9rentes conf\u00e9rences propos\u00e9es. Elles furent toutes tr\u00e8s int\u00e9ressantes et notamment celles sur l\u2019Alg\u00e9rie d\u2019avant et d\u2019apr\u00e8s la pr\u00e9sence fran\u00e7aise pr\u00e9sent\u00e9es avec passion par Benjamin Stora.<\/p>\n<p>&nbsp;<\/p>\n<p><em>Robert Elbisser.<\/em><\/p>\n","protected":false},"excerpt":{"rendered":"<p>\u00a0 L\u2019Alg\u00e9rie Mill\u00e9naire entre Orient et Occident \u00a0 02 Mai &#8211; Nice \u00a0C\u2019est une sorte de retour vers une vie pass\u00e9e que la plupart des passagers embarquant sur le MS Hambourg le 2 mai \u00e0 Nice sont venus rechercher lors de cette croisi\u00e8re. Apr\u00e8s un d\u00e9part sans probl\u00e8me, le groupe URCL au complet est sur le pont et voit s\u2019\u00e9loigner [&#8230;]<\/p>\n","protected":false},"author":1675,"featured_media":0,"comment_status":"open","ping_status":"open","sticky":false,"template":"","format":"standard","meta":{"_crdt_document":"","footnotes":""},"categories":[17,4],"tags":[],"class_list":["post-3290","post","type-post","status-publish","format-standard","hentry","category-activites","category-voyages"],"_links":{"self":[{"href":"https:\/\/www.kananas.com\/uniondesretraitesducreditlyonnaisurcl2536\/wp-json\/wp\/v2\/posts\/3290","targetHints":{"allow":["GET"]}}],"collection":[{"href":"https:\/\/www.kananas.com\/uniondesretraitesducreditlyonnaisurcl2536\/wp-json\/wp\/v2\/posts"}],"about":[{"href":"https:\/\/www.kananas.com\/uniondesretraitesducreditlyonnaisurcl2536\/wp-json\/wp\/v2\/types\/post"}],"author":[{"embeddable":true,"href":"https:\/\/www.kananas.com\/uniondesretraitesducreditlyonnaisurcl2536\/wp-json\/wp\/v2\/users\/1675"}],"replies":[{"embeddable":true,"href":"https:\/\/www.kananas.com\/uniondesretraitesducreditlyonnaisurcl2536\/wp-json\/wp\/v2\/comments?post=3290"}],"version-history":[{"count":2,"href":"https:\/\/www.kananas.com\/uniondesretraitesducreditlyonnaisurcl2536\/wp-json\/wp\/v2\/posts\/3290\/revisions"}],"predecessor-version":[{"id":3293,"href":"https:\/\/www.kananas.com\/uniondesretraitesducreditlyonnaisurcl2536\/wp-json\/wp\/v2\/posts\/3290\/revisions\/3293"}],"wp:attachment":[{"href":"https:\/\/www.kananas.com\/uniondesretraitesducreditlyonnaisurcl2536\/wp-json\/wp\/v2\/media?parent=3290"}],"wp:term":[{"taxonomy":"category","embeddable":true,"href":"https:\/\/www.kananas.com\/uniondesretraitesducreditlyonnaisurcl2536\/wp-json\/wp\/v2\/categories?post=3290"},{"taxonomy":"post_tag","embeddable":true,"href":"https:\/\/www.kananas.com\/uniondesretraitesducreditlyonnaisurcl2536\/wp-json\/wp\/v2\/tags?post=3290"}],"curies":[{"name":"wp","href":"https:\/\/api.w.org\/{rel}","templated":true}]}}