{"id":3302,"date":"2024-06-27T22:00:42","date_gmt":"2024-06-27T20:00:42","guid":{"rendered":"https:\/\/www.kananas.com\/uniondesretraitesducreditlyonnaisurcl2536\/?p=3302"},"modified":"2024-06-27T22:51:38","modified_gmt":"2024-06-27T20:51:38","slug":"compte-rendu-du-voyage-irlande-du-9-au-17-juin-2024","status":"publish","type":"post","link":"https:\/\/www.kananas.com\/uniondesretraitesducreditlyonnaisurcl2536\/2024\/06\/27\/compte-rendu-du-voyage-irlande-du-9-au-17-juin-2024\/","title":{"rendered":"Compte-rendu du voyage Irlande du 9 au 17 juin 2024"},"content":{"rendered":"<p>&nbsp;<\/p>\n<p style=\"text-align: center\"><span style=\"font-size: 24pt\"><strong>Circuit en Irlande du 9 au 17 juin 2024<\/strong><\/span><\/p>\n<p>&nbsp;<\/p>\n<p><img loading=\"lazy\" decoding=\"async\" class=\"alignnone size-medium wp-image-3310 aligncenter\" src=\"https:\/\/www.kananas.com\/uniondesretraitesducreditlyonnaisurcl2536\/wp-content\/uploads\/sites\/681\/2024\/06\/Ireland-Flag-300x222.jpg\" alt=\"\" width=\"300\" height=\"222\" srcset=\"https:\/\/www.kananas.com\/uniondesretraitesducreditlyonnaisurcl2536\/wp-content\/uploads\/sites\/681\/2024\/06\/Ireland-Flag-300x222.jpg 300w, https:\/\/www.kananas.com\/uniondesretraitesducreditlyonnaisurcl2536\/wp-content\/uploads\/sites\/681\/2024\/06\/Ireland-Flag.jpg 392w\" sizes=\"auto, (max-width: 300px) 100vw, 300px\" \/><\/p>\n<p>&nbsp;<\/p>\n<p><img loading=\"lazy\" decoding=\"async\" class=\"wp-image-3301 aligncenter\" src=\"https:\/\/www.kananas.com\/uniondesretraitesducreditlyonnaisurcl2536\/wp-content\/uploads\/sites\/681\/2024\/06\/AP6110121-300x225.jpg\" alt=\"\" width=\"535\" height=\"401\" srcset=\"https:\/\/www.kananas.com\/uniondesretraitesducreditlyonnaisurcl2536\/wp-content\/uploads\/sites\/681\/2024\/06\/AP6110121-300x225.jpg 300w, https:\/\/www.kananas.com\/uniondesretraitesducreditlyonnaisurcl2536\/wp-content\/uploads\/sites\/681\/2024\/06\/AP6110121-1024x768.jpg 1024w, https:\/\/www.kananas.com\/uniondesretraitesducreditlyonnaisurcl2536\/wp-content\/uploads\/sites\/681\/2024\/06\/AP6110121-768x576.jpg 768w, https:\/\/www.kananas.com\/uniondesretraitesducreditlyonnaisurcl2536\/wp-content\/uploads\/sites\/681\/2024\/06\/AP6110121-1536x1152.jpg 1536w, https:\/\/www.kananas.com\/uniondesretraitesducreditlyonnaisurcl2536\/wp-content\/uploads\/sites\/681\/2024\/06\/AP6110121-2048x1536.jpg 2048w\" sizes=\"auto, (max-width: 535px) 100vw, 535px\" \/><\/p>\n<p style=\"text-align: justify\"><span style=\"font-size: 14pt\">Nous sommes arriv\u00e9s sous la pluie \u00e0 Dublin, mais elle a vite cess\u00e9. Nous avons dans l\u2019ensemble eu beaucoup de chance, la pluie s\u2019arr\u00eatant souvent quand on sortait du car les jours o\u00f9 il pleuvait.<\/span><\/p>\n<p style=\"text-align: justify\"><span style=\"font-size: 14pt\">Notre circuit a r\u00e9ellement commenc\u00e9 le 10 juin par la d\u00e9couverte de Dublin (visite de Trinity College et sa biblioth\u00e8que) et la route vers Belfast au Nord de l\u2019Irlande (les Irlandais ne parlent pas d\u2019Irlande du Nord, ni d\u2019Ulster).<\/span><\/p>\n<p style=\"text-align: justify\"><span style=\"font-size: 14pt\">Les stigmates du temps de l\u2019IRA sont toujours pr\u00e9sents dans les deux villes visit\u00e9es, Belfast et Derry.<\/span><\/p>\n<p style=\"text-align: justify\"><span style=\"font-size: 14pt\">Les communaut\u00e9s qui s\u2019opposaient vivent parall\u00e8lement, mais pas ensemble. Les murs et portes de s\u00e9paration sont rest\u00e9s en place, et les peintures murales de Derry en particulier retracent toute cette p\u00e9riode et rendent hommage aux victimes. L\u2019impression est que la vie n\u2019y est pas toujours sereine.<\/span><\/p>\n<p style=\"text-align: justify\"><span style=\"font-size: 14pt\">La Chauss\u00e9e des g\u00e9ants est magnifique et offre des paysages uniques. Nous avons eu la chance d\u2019avoir la m\u00e9t\u00e9o avec nous, ce qui ajoute au plaisir des yeux.<\/span><\/p>\n<p style=\"text-align: justify\"><span style=\"font-size: 14pt\">Notre circuit a continu\u00e9 vers le Donegal, nous ramenant en Eire. Tous les sites visit\u00e9s offrent des paysages dont la vue comble les amoureux de la nature (Falaises de Slieve League, Connemara, P\u00e9ninsule de Dingle, Burren, Dolmen de Poulnabrone, Oratoire de Gallarus entre autres).<\/span><\/p>\n<p style=\"text-align: justify\"><span style=\"font-size: 14pt\">Nous avons eu la chance, pour ceux qui le souhaitaient,\u00a0 de pouvoir assister \u00e0 un spectacle de chants et danses de grande qualit\u00e9 dans la r\u00e9gion de Galway et avons pu voir des courses de l\u00e9vriers \u00e0 Tralee.<\/span><\/p>\n<p style=\"text-align: justify\"><span style=\"font-size: 14pt\">Nous avons vu de beaux monuments dans les principales villes lors des visites panoramiques (avec ou sans arr\u00eats possibles pour les photos), ainsi que l\u2019Abbaye de Kylemore qui se refl\u00e8te dans le lac au bord duquel elle a \u00e9t\u00e9 construite.<\/span><\/p>\n<p style=\"text-align: justify\"><span style=\"font-size: 14pt\">La trag\u00e9die du Titanic au Mus\u00e9e de Cobh nous a \u00e9t\u00e9 racont\u00e9e. Les visites de Guinness et Jameson nous ont fait d\u00e9couvrir (et d\u00e9guster) deux produits typiquement irlandais (bi\u00e8re et whiskey).<\/span><\/p>\n<p style=\"text-align: justify\"><span style=\"font-size: 14pt\">Merci \u00e0 tous les participants d\u2019avoir respect\u00e9 \u00ab\u00a0la charte\u00a0\u00bb en changeant r\u00e9guli\u00e8rement de place dans le car et \u00e0 table. Ceci a permis d\u2019avoir une excellente ambiance dans le groupe (nous \u00e9tions 33).<\/span><\/p>\n<p style=\"text-align: justify\"><span style=\"font-size: 14pt\">Merci \u00e9galement \u00e0 Jo\u00ebl d\u2019avoir ajout\u00e9 la guide sur notre photo de groupe qu\u2019il a \u00ab\u00a0transport\u00e9e\u00a0\u00bb devant les orgues de la Chauss\u00e9e des G\u00e9ants, et \u00e0 celles et ceux qui m\u2019ont donn\u00e9 quelques photos qui \u00e9taient plus r\u00e9ussies que les miennes pour int\u00e9grer au diaporama. J\u2019ai ajout\u00e9 3 photos datant d\u2019un voyage que j\u2019avais fait en ao\u00fbt 2005 que j\u2019ai signal\u00e9es par une inscription. L\u2019une d\u2019elles permet de voir la chapelle de Kylemore sans les \u00e9chafaudages.<\/span><\/p>\n<p style=\"text-align: justify\"><span style=\"font-size: 14pt\">C\u2019\u00e9tait un beau voyage, m\u00eame si le programme a \u00e9t\u00e9 un peu modifi\u00e9 de temps en temps, faute de temps. Nous avons parcouru environ 2000 km. Les h\u00f4tels \u00e9taient agr\u00e9ables, et les repas plus vari\u00e9s que ce \u00e0 quoi je m\u2019attendais (saumon ou\u00a0 poulet\u2026) \u00a0; seuls les l\u00e9gumes \u00e9taient r\u00e9p\u00e9titifs.<\/span><\/p>\n<p style=\"text-align: justify\"><span style=\"font-size: 14pt\">Le diaporama vous permettra de revivre tout notre circuit.<\/span><\/p>\n<p style=\"text-align: justify\"><span style=\"font-size: 14pt\">Prenez soin de vous afin que l\u2019on puisse se retrouver pour de nouvelles aventures.<\/span><\/p>\n<p>&nbsp;<\/p>\n<p style=\"text-align: justify\"><em>Jacqueline MEUNIER, accompagnatrice.<\/em><\/p>\n<p>&nbsp;<\/p>\n<p><a href=\"https:\/\/www.photoservice.com\/albums_en_ligne\/album.cfm?ap=8EW%21%27%26BNN%3C--1ZZ%21%2A%5C%25%3CF%3E%3FBA%20%24%26C2RQ%5B%0A&amp;e=2223\" target=\"_blank\" rel=\"noopener\">Diaporama: cliquer ici.<\/a><\/p>\n<p>(mot de passe si demand\u00e9: urclparisidf)<\/p>\n","protected":false},"excerpt":{"rendered":"<p>&nbsp; Circuit en Irlande du 9 au 17 juin 2024 &nbsp; &nbsp; Nous sommes arriv\u00e9s sous la pluie \u00e0 Dublin, mais elle a vite cess\u00e9. Nous avons dans l\u2019ensemble eu beaucoup de chance, la pluie s\u2019arr\u00eatant souvent quand on sortait du car les jours o\u00f9 il pleuvait. Notre circuit a r\u00e9ellement commenc\u00e9 le 10 juin par la d\u00e9couverte de Dublin [&#8230;]<\/p>\n","protected":false},"author":1675,"featured_media":0,"comment_status":"open","ping_status":"open","sticky":false,"template":"","format":"standard","meta":{"_crdt_document":"","footnotes":""},"categories":[17,4],"tags":[],"class_list":["post-3302","post","type-post","status-publish","format-standard","hentry","category-activites","category-voyages"],"_links":{"self":[{"href":"https:\/\/www.kananas.com\/uniondesretraitesducreditlyonnaisurcl2536\/wp-json\/wp\/v2\/posts\/3302","targetHints":{"allow":["GET"]}}],"collection":[{"href":"https:\/\/www.kananas.com\/uniondesretraitesducreditlyonnaisurcl2536\/wp-json\/wp\/v2\/posts"}],"about":[{"href":"https:\/\/www.kananas.com\/uniondesretraitesducreditlyonnaisurcl2536\/wp-json\/wp\/v2\/types\/post"}],"author":[{"embeddable":true,"href":"https:\/\/www.kananas.com\/uniondesretraitesducreditlyonnaisurcl2536\/wp-json\/wp\/v2\/users\/1675"}],"replies":[{"embeddable":true,"href":"https:\/\/www.kananas.com\/uniondesretraitesducreditlyonnaisurcl2536\/wp-json\/wp\/v2\/comments?post=3302"}],"version-history":[{"count":5,"href":"https:\/\/www.kananas.com\/uniondesretraitesducreditlyonnaisurcl2536\/wp-json\/wp\/v2\/posts\/3302\/revisions"}],"predecessor-version":[{"id":3311,"href":"https:\/\/www.kananas.com\/uniondesretraitesducreditlyonnaisurcl2536\/wp-json\/wp\/v2\/posts\/3302\/revisions\/3311"}],"wp:attachment":[{"href":"https:\/\/www.kananas.com\/uniondesretraitesducreditlyonnaisurcl2536\/wp-json\/wp\/v2\/media?parent=3302"}],"wp:term":[{"taxonomy":"category","embeddable":true,"href":"https:\/\/www.kananas.com\/uniondesretraitesducreditlyonnaisurcl2536\/wp-json\/wp\/v2\/categories?post=3302"},{"taxonomy":"post_tag","embeddable":true,"href":"https:\/\/www.kananas.com\/uniondesretraitesducreditlyonnaisurcl2536\/wp-json\/wp\/v2\/tags?post=3302"}],"curies":[{"name":"wp","href":"https:\/\/api.w.org\/{rel}","templated":true}]}}