{"id":3413,"date":"2024-10-07T20:21:47","date_gmt":"2024-10-07T18:21:47","guid":{"rendered":"https:\/\/www.kananas.com\/uniondesretraitesducreditlyonnaisurcl2536\/?p=3413"},"modified":"2024-10-07T20:23:48","modified_gmt":"2024-10-07T18:23:48","slug":"escapade-chateaudun-chartres-25-26-septembre-2024","status":"publish","type":"post","link":"https:\/\/www.kananas.com\/uniondesretraitesducreditlyonnaisurcl2536\/2024\/10\/07\/escapade-chateaudun-chartres-25-26-septembre-2024\/","title":{"rendered":"Escapade Ch\u00e2teaudun-Chartres 25 &amp; 26 septembre 2024"},"content":{"rendered":"<p style=\"text-align: center\"><span style=\"font-size: 14pt\"><strong>ESCAPADE CH\u00c2TEAUDUN, BONNEVAL ET CHARTRES<\/strong><\/span><\/p>\n<p style=\"text-align: center\"><strong>MERCREDI 25 ET JEUDI 26 SEPTEMBRE 2024<\/strong><\/p>\n<p>&nbsp;<\/p>\n<p><img loading=\"lazy\" decoding=\"async\" class=\"attachment-medium aligncenter\" src=\"https:\/\/www.kananas.com\/uniondesretraitesducreditlyonnaisurcl2536\/wp-content\/uploads\/sites\/681\/2024\/10\/Photo-Groupe-300x225.jpg\" alt=\"\" width=\"498\" height=\"374\" \/><\/p>\n<p>&nbsp;<\/p>\n<p><strong><u>1<sup>er<\/sup> Jour\u00a0<\/u><\/strong>:<\/p>\n<p>&nbsp;<\/p>\n<p style=\"text-align: justify\">Rendez-vous en Gare de Denfert-Rochereau \u00e0 8h30, o\u00f9 notre car nous attend, direction Ch\u00e2teaudun sous un ciel peu engageant.<\/p>\n<p style=\"text-align: justify\">Notre p\u00e9riple d\u00e9bute \u00e0 Ch\u00e2teaudun par les grottes pr\u00e9historiques de Foulon, datant de 400 000 ans, creus\u00e9es par les eaux de ruissellement, ancien fond de mer chaude \u00e0 28\u00b0 situ\u00e9es sous la ville de Ch\u00e2teaudun.<\/p>\n<p style=\"text-align: justify\">Visite avec un guide tr\u00e8s int\u00e9ressant de ce site g\u00e9ologique de plus de 10 000 m<sup>2 <\/sup>pour observer les g\u00e9odes marines de quartz et de calc\u00e9doine, \u00e9galement les nombreux fossiles marins cristallis\u00e9s comme les hu\u00eetres, moules, hippocampes, couteaux de mer et coraux g\u00e9ants. Fin de la visite avec illuminations qui mettent en valeur les effets de l\u2019eau sur la roche.<\/p>\n<p>&nbsp;<\/p>\n<p>D\u00e9jeuner sur le site dans un restaurant avec une belle salle panoramique.<\/p>\n<p>&nbsp;<\/p>\n<p style=\"text-align: justify\">Apr\u00e8s ce d\u00e9jeuner tr\u00e8s copieux, toujours \u00e0 Ch\u00e2teaudun, visite guid\u00e9e du ch\u00e2teau de Jehan de Dunois (compagnon d\u2019armes de Jeanne d\u2019Arc) o\u00f9 Thibaut le Tricheur, comte de Blois, fit \u00e9difier une forteresse avec succession d\u2019architectures m\u00e9di\u00e9vale, gothique et renaissance.<\/p>\n<p style=\"text-align: justify\">Notre visite fut malheureusement \u00e9court\u00e9e, faute de temps, pour nous rendre ensuite au tr\u00e8s beau jardin de la Duchaylati\u00e8re, ayant appartenu \u00e0 Jean-Pierre Coffe, avec un guide-jardinier tr\u00e8s passionn\u00e9, nous prodiguant des conseils de plantations. Nous nous sommes mis \u00e0 l\u2019abri pour nous s\u00e9cher et d\u00e9guster 3 c\u00e9pages de vins rouges de la r\u00e9gion accompagn\u00e9 de chips de l\u00e9gumes et de charcuterie.<\/p>\n<p style=\"text-align: justify\">En fin d\u2019apr\u00e8s-midi, installation dans l\u2019h\u00f4tel Brit\u00a0; dans nos chambres nous attendait une petite attention de la part de Xavier. Le d\u00eener \u00e9tait tr\u00e8s bon, seulement pr\u00e9par\u00e9 pour notre groupe, le personnel \u00e9tait tr\u00e8s agr\u00e9able.<\/p>\n<p>&nbsp;<\/p>\n<p>&nbsp;<\/p>\n<p><strong><u>2\u00e8me Jour\u00a0<\/u><\/strong>:<\/p>\n<p>&nbsp;<\/p>\n<p>D\u00e9part apr\u00e8s un petit d\u00e9jeuner copieux pour Bonneval (toujours sous la pluie).<\/p>\n<p>&nbsp;<\/p>\n<p style=\"text-align: justify\">Embarquement pr\u00e9vu pour une belle promenade sur les canaux de cette petite Venise de la Beauce pour naviguer \u00e0 bord de bateaux \u00e9lectriques \u00e0 conduire nous-m\u00eames\u2026. Mais h\u00e9las \u00ab\u00a0<strong><em>c\u2019est tomb\u00e9 \u00e0 l\u2019eau\u00a0<\/em><\/strong>\u00bb (hi hi sniff\u00a0!!!), le Loir \u00e9tant en crue, les bateaux ne pouvaient passer sous les ponts\u00a0!!! Nous nous sommes donc promen\u00e9s dans la ville en attendant notre d\u00e9jeuner.<\/p>\n<p style=\"text-align: justify\">Restaurant tr\u00e8s sympathique et tr\u00e8s bon comme d\u2019habitude.<\/p>\n<p style=\"text-align: justify\">Nous \u00e9tions heureux de revoir le SOLEIL appara\u00eetre pendant notre repas et confiants pour notre continuation sur Chartres\u2026 mais, \u00e0 peine sortis, notre accompagnatrice la PLUIE \u00e9tait de retour\u00a0!!<\/p>\n<p style=\"text-align: justify\">Arriv\u00e9s tremp\u00e9s, affrontant les \u00e9l\u00e9ments, \u00e0 l\u2019int\u00e9rieur de la Cath\u00e9drale, nos m\u00e9saventures all\u00e8rent crescendo: pas d\u2019\u00e9clairage dans la cath\u00e9drale que nous avons d\u00fb \u00e9vacuer\u00a0; toute la ville \u00e9tait plong\u00e9e dans l\u2019obscurit\u00e9 et pas de r\u00e9seau t\u00e9l\u00e9phonique (sauf Orange). Xavier tentait d\u00e9sesp\u00e9r\u00e9ment de joindre notre chauffeur pour venir nous r\u00e9cup\u00e9rer plus t\u00f4t.<\/p>\n<p style=\"text-align: justify\">Un h\u00f4tel sur la place a bien voulu nous accueillir dans son entr\u00e9e et nous avons attendu (au moins \u00e0 l\u2019abri) pendant une heure environ.<\/p>\n<p style=\"text-align: justify\">Notre car est arriv\u00e9, un peu en avance et nous sommes repartis pour la capitale.<\/p>\n<p style=\"text-align: justify\">\u00c9videmment des bouchons nous attendaient \u00e0 l\u2019entr\u00e9e de Paris mais sous le soleil\u00a0!!<\/p>\n<p style=\"text-align: justify\">Notre chauffeur Nuno nous a laiss\u00e9s \u00e0 Porte d\u2019Orl\u00e9ans pour \u00e9viter encore des embouteillages.<\/p>\n<p style=\"text-align: justify\">Ces deux journ\u00e9es furent bien remplies et une bonne ambiance a r\u00e9gn\u00e9 dans le groupe,<\/p>\n<p style=\"text-align: justify\"><strong>et le soleil \u00e9tait pr\u00e9sent dans nos c\u0153urs\u00a0<\/strong>!<\/p>\n<p>&nbsp;<\/p>\n<p><strong><em>Jany GLOUX<\/em><\/strong><\/p>\n","protected":false},"excerpt":{"rendered":"<p>ESCAPADE CH\u00c2TEAUDUN, BONNEVAL ET CHARTRES MERCREDI 25 ET JEUDI 26 SEPTEMBRE 2024 &nbsp; &nbsp; 1er Jour\u00a0: &nbsp; Rendez-vous en Gare de Denfert-Rochereau \u00e0 8h30, o\u00f9 notre car nous attend, direction Ch\u00e2teaudun sous un ciel peu engageant. Notre p\u00e9riple d\u00e9bute \u00e0 Ch\u00e2teaudun par les grottes pr\u00e9historiques de Foulon, datant de 400 000 ans, creus\u00e9es par les eaux de ruissellement, ancien fond [&#8230;]<\/p>\n","protected":false},"author":1675,"featured_media":0,"comment_status":"open","ping_status":"open","sticky":false,"template":"","format":"standard","meta":{"_crdt_document":"","footnotes":""},"categories":[17,9],"tags":[],"class_list":["post-3413","post","type-post","status-publish","format-standard","hentry","category-activites","category-escapades"],"_links":{"self":[{"href":"https:\/\/www.kananas.com\/uniondesretraitesducreditlyonnaisurcl2536\/wp-json\/wp\/v2\/posts\/3413","targetHints":{"allow":["GET"]}}],"collection":[{"href":"https:\/\/www.kananas.com\/uniondesretraitesducreditlyonnaisurcl2536\/wp-json\/wp\/v2\/posts"}],"about":[{"href":"https:\/\/www.kananas.com\/uniondesretraitesducreditlyonnaisurcl2536\/wp-json\/wp\/v2\/types\/post"}],"author":[{"embeddable":true,"href":"https:\/\/www.kananas.com\/uniondesretraitesducreditlyonnaisurcl2536\/wp-json\/wp\/v2\/users\/1675"}],"replies":[{"embeddable":true,"href":"https:\/\/www.kananas.com\/uniondesretraitesducreditlyonnaisurcl2536\/wp-json\/wp\/v2\/comments?post=3413"}],"version-history":[{"count":2,"href":"https:\/\/www.kananas.com\/uniondesretraitesducreditlyonnaisurcl2536\/wp-json\/wp\/v2\/posts\/3413\/revisions"}],"predecessor-version":[{"id":3415,"href":"https:\/\/www.kananas.com\/uniondesretraitesducreditlyonnaisurcl2536\/wp-json\/wp\/v2\/posts\/3413\/revisions\/3415"}],"wp:attachment":[{"href":"https:\/\/www.kananas.com\/uniondesretraitesducreditlyonnaisurcl2536\/wp-json\/wp\/v2\/media?parent=3413"}],"wp:term":[{"taxonomy":"category","embeddable":true,"href":"https:\/\/www.kananas.com\/uniondesretraitesducreditlyonnaisurcl2536\/wp-json\/wp\/v2\/categories?post=3413"},{"taxonomy":"post_tag","embeddable":true,"href":"https:\/\/www.kananas.com\/uniondesretraitesducreditlyonnaisurcl2536\/wp-json\/wp\/v2\/tags?post=3413"}],"curies":[{"name":"wp","href":"https:\/\/api.w.org\/{rel}","templated":true}]}}