{"id":3695,"date":"2025-04-12T15:19:59","date_gmt":"2025-04-12T13:19:59","guid":{"rendered":"https:\/\/www.kananas.com\/uniondesretraitesducreditlyonnaisurcl2536\/?p=3695"},"modified":"2025-04-12T15:19:59","modified_gmt":"2025-04-12T13:19:59","slug":"escapade-evreux-dreux-anet-du-26-au-27-mars-2025","status":"publish","type":"post","link":"https:\/\/www.kananas.com\/uniondesretraitesducreditlyonnaisurcl2536\/2025\/04\/12\/escapade-evreux-dreux-anet-du-26-au-27-mars-2025\/","title":{"rendered":"Escapade Evreux-Dreux-Anet du 26 au 27 mars 2025"},"content":{"rendered":"<p align=\"CENTER\"><span style=\"color: #000000\"><span style=\"font-family: Arial, sans-serif\"><span style=\"font-size: medium\"><u><b>ESCAPADE EVREUX, DREUX, ANET<\/b><\/u><\/span><\/span><\/span><\/p>\n<p align=\"CENTER\"><span style=\"color: #000000\"><span style=\"font-family: Arial, sans-serif\"><span style=\"font-size: medium\"><u><b>MERCREDI 26 ET JEUDI 27 MARS 2025<\/b><\/u><\/span><\/span><\/span><\/p>\n<p>&nbsp;<\/p>\n<p><img loading=\"lazy\" decoding=\"async\" class=\"alignnone  wp-image-3696 aligncenter\" src=\"https:\/\/www.kananas.com\/uniondesretraitesducreditlyonnaisurcl2536\/wp-content\/uploads\/sites\/681\/2025\/04\/Groupe-Escapade-Evreux-300x138.jpg\" alt=\"\" width=\"657\" height=\"302\" srcset=\"https:\/\/www.kananas.com\/uniondesretraitesducreditlyonnaisurcl2536\/wp-content\/uploads\/sites\/681\/2025\/04\/Groupe-Escapade-Evreux-300x138.jpg 300w, https:\/\/www.kananas.com\/uniondesretraitesducreditlyonnaisurcl2536\/wp-content\/uploads\/sites\/681\/2025\/04\/Groupe-Escapade-Evreux-1024x473.jpg 1024w, https:\/\/www.kananas.com\/uniondesretraitesducreditlyonnaisurcl2536\/wp-content\/uploads\/sites\/681\/2025\/04\/Groupe-Escapade-Evreux-768x354.jpg 768w, https:\/\/www.kananas.com\/uniondesretraitesducreditlyonnaisurcl2536\/wp-content\/uploads\/sites\/681\/2025\/04\/Groupe-Escapade-Evreux-1536x709.jpg 1536w, https:\/\/www.kananas.com\/uniondesretraitesducreditlyonnaisurcl2536\/wp-content\/uploads\/sites\/681\/2025\/04\/Groupe-Escapade-Evreux-2048x945.jpg 2048w\" sizes=\"auto, (max-width: 657px) 100vw, 657px\" \/><\/p>\n<p>&nbsp;<\/p>\n<p style=\"text-align: justify\"><span style=\"color: #000000\"><span style=\"font-family: Arial, sans-serif\"><span style=\"font-size: medium\"><u><b>1<\/b><\/u><sup><u><b>er<\/b><\/u><\/sup><u><b> Jour\u00a0<\/b><\/u>:<\/span><\/span><\/span><\/p>\n<p style=\"text-align: justify\"><span style=\"color: #000000\"><span style=\"font-family: Arial, sans-serif\"><span style=\"font-size: medium\">Rendez-vous au m\u00e9tro Argentine, o\u00f9 notre car nous attend, d\u00e9part \u00e0 8 h 30 avec notre sympathique chauffeur Arnaud (qui nous avait d\u00e9j\u00e0 conduit lors d\u2019escapades) sous un petit crachin normand (\u00e9galement breton) en direction d\u2019Evreux.<\/span><\/span><\/span><\/p>\n<p style=\"text-align: justify\"><span style=\"color: #000000\"><span style=\"font-family: Arial, sans-serif\"><span style=\"font-size: medium\">Notre p\u00e9riple d\u00e9bute \u00e0 Evreux par la visite guid\u00e9e de la cath\u00e9drale gothique Notre Dame du XII et XIII si\u00e8cle, m\u00e9lange de styles roman, gothique rayonnant et flamboyant renaissance. <\/span><\/span><\/span><\/p>\n<p style=\"text-align: justify\"><span style=\"color: #000000\"><span style=\"font-family: Arial, sans-serif\"><span style=\"font-size: medium\">Elle abrite un grand orgue tr\u00e8s moderne achev\u00e9 en 2005 au design futuriste, imposant instrument. Nous avons eu la chance de rencontrer une organiste, tr\u00e8s int\u00e9ressante, qui nous a jou\u00e9 quelques extraits de Bach, Haendel et autres&#8230;<\/span><\/span><\/span><\/p>\n<p style=\"text-align: justify\"><span style=\"color: #000000\"><span style=\"font-family: Arial, sans-serif\"><span style=\"font-size: medium\">Apr\u00e8s un tr\u00e8s bon et copieux repas dans le centre ville, visite guid\u00e9e du Moulin de Navarre, construit en 1841 par Eustache Puel, exploit\u00e9 comme filature de coton puis converti en meunerie en 1850. Le moulin produisait alors le pain pour l\u2019h\u00f4pital psychiatrique (annexe de l\u2019h\u00f4pital de Navarre) puis brasserie de pommes. Le site abrite diverses machines. Les r\u00e9sidents de l\u2019h\u00f4pital psychiatrique travaillaient au moulin et \u00e9taient log\u00e9s, nourris, blanchis et apprenaient un m\u00e9tier.<\/span><\/span><\/span><\/p>\n<p style=\"text-align: justify\"><span style=\"color: #000000\"><span style=\"font-family: Arial, sans-serif\"><span style=\"font-size: medium\">Le moulin ferma en 1980, apr\u00e8s le d\u00e9part en retraite du meunier. Il fut rachet\u00e9 en 1988 par la ville d\u2019Evreux, aujourd\u2019hui une Association des Amis du Patrimoine le r\u00e9habilite en centre culturel avec visites guid\u00e9es, notamment lors des journ\u00e9es du Patrimoine.<\/span><\/span><\/span><\/p>\n<p style=\"text-align: justify\"><span style=\"color: #000000\"><span style=\"font-family: Arial, sans-serif\"><span style=\"font-size: medium\">Avant de quitter le moulin nous avons eu une sympathique pause gourmande sal\u00e9e avec un verre de cidre ou jus de pommes (normand bien s\u00fbr !!!) avec d\u00e9gustation de 4 fromages normands : Camembert, Pont l\u2019Ev\u00eaque, Livarot, Neufch\u00e2tel\u2026 d\u00e9licieux !!<\/span><\/span><\/span><\/p>\n<p style=\"text-align: justify\"><span style=\"color: #000000\"><span style=\"font-family: Arial, sans-serif\"><span style=\"font-size: medium\">Cette d\u00e9gustation termin\u00e9e, nous avons rejoint notre h\u00f4tel au centre de Dreux, o\u00f9 dans notre chambre, nous attendaient d\u00e9pos\u00e9s sur les lits un sac aux armoiries de la r\u00e9gion d\u2019Eure-et-Loir et un petit sachet de biscuits de la r\u00e9gion. Toujours d\u00e9licate attention de Xavier. <\/span><\/span><\/span><\/p>\n<p style=\"text-align: justify\"><span style=\"color: #000000\"><span style=\"font-family: Arial, sans-serif\"><span style=\"font-size: medium\">D\u00eener, beaucoup moins copieux, dans un restaurant tr\u00e8s proche.<\/span><\/span><\/span><\/p>\n<p style=\"text-align: justify\"><span style=\"color: #000000\"><span style=\"font-family: Arial, sans-serif\"><span style=\"font-size: medium\"><u><b>2\u00e8me Jour\u00a0<\/b><\/u>:<\/span><\/span><\/span><\/p>\n<p style=\"text-align: justify\"><span style=\"color: #000000\"><span style=\"font-family: Arial, sans-serif\"><span style=\"font-size: medium\">D\u00e9part apr\u00e8s le petit d\u00e9jeuner pour visite guid\u00e9e tr\u00e8s int\u00e9ressante (de plus tout seuls sur les sites visit\u00e9s !) du Domaine Royal, avec notamment la Chapelle Royale Saint-Louis, style n\u00e9o-gothique du XII\u00e8me si\u00e8cle qui accueille la n\u00e9cropole du Roi Louis-Phillipe et de la famille des Orl\u00e9ans orn\u00e9s de magnifiques gisants, tr\u00e8s belles statues, tr\u00e8s beaux vitraux.<\/span><\/span><\/span><\/p>\n<p style=\"text-align: justify\"><span style=\"color: #000000\"><span style=\"font-family: Arial, sans-serif\"><span style=\"font-size: medium\">Pause d\u00e9jeuner excellente \u00ab\u00a0au Manoir d&rsquo;Anet\u00a0\u00bb. Visite du ch\u00e2teau d\u2019Anet style renaissance, construit par Henri II au XVI\u00e8me si\u00e8cle, pour sa favorite et ma\u00eetresse Diane de Poitiers. La R\u00e9volution \u00e9tant pass\u00e9e par l\u00e0, le ch\u00e2teau sera partiellement d\u00e9truit. <\/span><\/span><\/span><\/p>\n<p style=\"text-align: justify\"><span style=\"color: #000000\"><span style=\"font-family: Arial, sans-serif\"><span style=\"font-size: medium\">Nous avons pu admirer le somptueux portail avec sa curieuse horloge, la chapelle royale et la chapelle fun\u00e9raire o\u00f9 Diane de Poitiers repose en paix.<\/span><\/span><\/span><\/p>\n<p style=\"text-align: justify\"><span style=\"color: #000000\"><span style=\"font-family: Arial, sans-serif\"><span style=\"font-size: medium\">Apr\u00e8s ces deux journ\u00e9es bien remplies et tr\u00e8s ensoleill\u00e9es, retour sans encombre vers la capitale o\u00f9 notre groupe, tr\u00e8s sympathique, s\u2019est s\u00e9par\u00e9 apr\u00e8s avoir remerci\u00e9 Arnaud notre chauffeur ainsi que Xavier.<\/span><\/span><\/span><\/p>\n<p style=\"text-align: justify\"><span style=\"color: #000000\"><span style=\"font-family: Arial, sans-serif\"><span style=\"font-size: medium\"><i><b>Jany GLOUX<\/b><\/i><\/span><\/span><\/span><\/p>\n","protected":false},"excerpt":{"rendered":"<p>ESCAPADE EVREUX, DREUX, ANET MERCREDI 26 ET JEUDI 27 MARS 2025 &nbsp; &nbsp; 1er Jour\u00a0: Rendez-vous au m\u00e9tro Argentine, o\u00f9 notre car nous attend, d\u00e9part \u00e0 8 h 30 avec notre sympathique chauffeur Arnaud (qui nous avait d\u00e9j\u00e0 conduit lors d\u2019escapades) sous un petit crachin normand (\u00e9galement breton) en direction d\u2019Evreux. Notre p\u00e9riple d\u00e9bute \u00e0 Evreux par la visite guid\u00e9e [&#8230;]<\/p>\n","protected":false},"author":1675,"featured_media":0,"comment_status":"open","ping_status":"open","sticky":false,"template":"","format":"standard","meta":{"_crdt_document":"","footnotes":""},"categories":[17,9],"tags":[],"class_list":["post-3695","post","type-post","status-publish","format-standard","hentry","category-activites","category-escapades"],"_links":{"self":[{"href":"https:\/\/www.kananas.com\/uniondesretraitesducreditlyonnaisurcl2536\/wp-json\/wp\/v2\/posts\/3695","targetHints":{"allow":["GET"]}}],"collection":[{"href":"https:\/\/www.kananas.com\/uniondesretraitesducreditlyonnaisurcl2536\/wp-json\/wp\/v2\/posts"}],"about":[{"href":"https:\/\/www.kananas.com\/uniondesretraitesducreditlyonnaisurcl2536\/wp-json\/wp\/v2\/types\/post"}],"author":[{"embeddable":true,"href":"https:\/\/www.kananas.com\/uniondesretraitesducreditlyonnaisurcl2536\/wp-json\/wp\/v2\/users\/1675"}],"replies":[{"embeddable":true,"href":"https:\/\/www.kananas.com\/uniondesretraitesducreditlyonnaisurcl2536\/wp-json\/wp\/v2\/comments?post=3695"}],"version-history":[{"count":1,"href":"https:\/\/www.kananas.com\/uniondesretraitesducreditlyonnaisurcl2536\/wp-json\/wp\/v2\/posts\/3695\/revisions"}],"predecessor-version":[{"id":3697,"href":"https:\/\/www.kananas.com\/uniondesretraitesducreditlyonnaisurcl2536\/wp-json\/wp\/v2\/posts\/3695\/revisions\/3697"}],"wp:attachment":[{"href":"https:\/\/www.kananas.com\/uniondesretraitesducreditlyonnaisurcl2536\/wp-json\/wp\/v2\/media?parent=3695"}],"wp:term":[{"taxonomy":"category","embeddable":true,"href":"https:\/\/www.kananas.com\/uniondesretraitesducreditlyonnaisurcl2536\/wp-json\/wp\/v2\/categories?post=3695"},{"taxonomy":"post_tag","embeddable":true,"href":"https:\/\/www.kananas.com\/uniondesretraitesducreditlyonnaisurcl2536\/wp-json\/wp\/v2\/tags?post=3695"}],"curies":[{"name":"wp","href":"https:\/\/api.w.org\/{rel}","templated":true}]}}