{"id":4545,"date":"2026-08-31T10:55:47","date_gmt":"2026-08-31T08:55:47","guid":{"rendered":"https:\/\/www.kananas.com\/uniondesretraitesducreditlyonnaisurcl2536\/?p=4545"},"modified":"2026-08-31T10:55:47","modified_gmt":"2026-08-31T08:55:47","slug":"courrier-adherents-aout-2026","status":"publish","type":"post","link":"https:\/\/www.kananas.com\/uniondesretraitesducreditlyonnaisurcl2536\/2026\/08\/31\/courrier-adherents-aout-2026\/","title":{"rendered":"Courrier Adh\u00e9rents Ao\u00fbt 2026"},"content":{"rendered":"\n<p class=\"wp-block-paragraph\">Nous vous prions de trouver ci-dessous le contenu du courrier diffus\u00e9 \u00e0 nos adh\u00e9rents:<\/p>\n\n\n\n<p class=\"wp-block-paragraph\"><a href=\"https:\/\/www.kananas.com\/uniondesretraitesducreditlyonnaisurcl2536\/wp-content\/uploads\/sites\/681\/2026\/08\/0-Lettre-envoi-courrier-0826.pdf\" target=\"_blank\" rel=\"noopener\">0 Lettre envoi courrier 0826<\/a><br><a href=\"https:\/\/www.kananas.com\/uniondesretraitesducreditlyonnaisurcl2536\/wp-content\/uploads\/sites\/681\/2026\/08\/1-CR-AG-URCL-2026.pdf\" target=\"_blank\" rel=\"noopener\">1 CR AG URCL 2026<\/a><br> <a href=\"https:\/\/www.kananas.com\/uniondesretraitesducreditlyonnaisurcl2536\/?p=4562&amp;preview=true\" data-type=\"link\" data-id=\"https:\/\/www.kananas.com\/uniondesretraitesducreditlyonnaisurcl2536\/?p=4562&amp;preview=true\" target=\"_blank\" rel=\"noopener\">1bis Documents projet\u00e9s lors de l&rsquo;AG<\/a><br><a href=\"https:\/\/www.kananas.com\/uniondesretraitesducreditlyonnaisurcl2536\/wp-content\/uploads\/sites\/681\/2026\/08\/2-Necrologie-2025.pdf\" target=\"_blank\" rel=\"noopener\">2 N\u00e9crologie <\/a><br><a href=\"https:\/\/www.kananas.com\/uniondesretraitesducreditlyonnaisurcl2536\/wp-content\/uploads\/sites\/681\/2026\/08\/3-Sorties-2eme-Semestre-2026-new.pdf\" target=\"_blank\" rel=\"noopener\">3-Sorties-2eme-Semestre-2026.pdf<\/a><br><a href=\"https:\/\/www.kananas.com\/uniondesretraitesducreditlyonnaisurcl2536\/wp-content\/uploads\/sites\/681\/2026\/08\/4-Flash-Voyages-2027.pdf\" target=\"_blank\" rel=\"noopener\">4 Flash Voyages 2027<\/a><br><a href=\"https:\/\/www.kananas.com\/uniondesretraitesducreditlyonnaisurcl2536\/wp-content\/uploads\/sites\/681\/2026\/08\/5-Randonnees-programme-2027.pdf\" target=\"_blank\" rel=\"noopener\">5 Randonn\u00e9es programme 2027<\/a><br> <a href=\"https:\/\/www.kananas.com\/uniondesretraitesducreditlyonnaisurcl2536\/?p=4554&amp;preview=true\" data-type=\"link\" data-id=\"https:\/\/www.kananas.com\/uniondesretraitesducreditlyonnaisurcl2536\/?p=4554&amp;preview=true\" target=\"_blank\" rel=\"noopener\">5 bis Programme Stella Maris<\/a><br><a href=\"https:\/\/www.kananas.com\/uniondesretraitesducreditlyonnaisurcl2536\/wp-content\/uploads\/sites\/681\/2026\/08\/6-Appel-Cotisations-_-Prelevt-2026.pdf\" target=\"_blank\" rel=\"noopener\">6 Appel Cotisations _ Pr\u00e9l\u00e8vt 2026<\/a><\/p>\n\n\n\n<p class=\"wp-block-paragraph\">Seule urgence pour les retardataires, les derni\u00e8res inscriptions au Th\u00e9\u00e2tre: \u00ab\u00a0Le malade imaginaire\u00a0\u00bb et \u00ab\u00a0Le p\u00e8re\u00a0\u00bb seront accept\u00e9es jusqu\u2019au 18 septembre !<\/p>\n\n\n\n<p class=\"wp-block-paragraph\">Nous vous souhaitons bonne lecture.<\/p>\n\n\n","protected":false},"excerpt":{"rendered":"<p>Nous vous prions de trouver ci-dessous le contenu du courrier diffus\u00e9 \u00e0 nos adh\u00e9rents: 0 Lettre envoi courrier 08261 CR AG URCL 2026 1bis Documents projet\u00e9s lors de l&rsquo;AG2 N\u00e9crologie 3-Sorties-2eme-Semestre-2026.pdf4 Flash Voyages 20275 Randonn\u00e9es programme 2027 5 bis Programme Stella Maris6 Appel Cotisations _ Pr\u00e9l\u00e8vt 2026 Seule urgence pour les retardataires, les derni\u00e8res inscriptions au Th\u00e9\u00e2tre: \u00ab\u00a0Le malade imaginaire\u00a0\u00bb [&#8230;]<\/p>\n","protected":false},"author":1675,"featured_media":0,"comment_status":"open","ping_status":"open","sticky":false,"template":"","format":"standard","meta":{"footnotes":""},"categories":[18],"tags":[],"class_list":["post-4545","post","type-post","status-publish","format-standard","hentry","category-b-courriers-aux-adherents"],"_links":{"self":[{"href":"https:\/\/www.kananas.com\/uniondesretraitesducreditlyonnaisurcl2536\/wp-json\/wp\/v2\/posts\/4545","targetHints":{"allow":["GET"]}}],"collection":[{"href":"https:\/\/www.kananas.com\/uniondesretraitesducreditlyonnaisurcl2536\/wp-json\/wp\/v2\/posts"}],"about":[{"href":"https:\/\/www.kananas.com\/uniondesretraitesducreditlyonnaisurcl2536\/wp-json\/wp\/v2\/types\/post"}],"author":[{"embeddable":true,"href":"https:\/\/www.kananas.com\/uniondesretraitesducreditlyonnaisurcl2536\/wp-json\/wp\/v2\/users\/1675"}],"replies":[{"embeddable":true,"href":"https:\/\/www.kananas.com\/uniondesretraitesducreditlyonnaisurcl2536\/wp-json\/wp\/v2\/comments?post=4545"}],"version-history":[{"count":10,"href":"https:\/\/www.kananas.com\/uniondesretraitesducreditlyonnaisurcl2536\/wp-json\/wp\/v2\/posts\/4545\/revisions"}],"predecessor-version":[{"id":4574,"href":"https:\/\/www.kananas.com\/uniondesretraitesducreditlyonnaisurcl2536\/wp-json\/wp\/v2\/posts\/4545\/revisions\/4574"}],"wp:attachment":[{"href":"https:\/\/www.kananas.com\/uniondesretraitesducreditlyonnaisurcl2536\/wp-json\/wp\/v2\/media?parent=4545"}],"wp:term":[{"taxonomy":"category","embeddable":true,"href":"https:\/\/www.kananas.com\/uniondesretraitesducreditlyonnaisurcl2536\/wp-json\/wp\/v2\/categories?post=4545"},{"taxonomy":"post_tag","embeddable":true,"href":"https:\/\/www.kananas.com\/uniondesretraitesducreditlyonnaisurcl2536\/wp-json\/wp\/v2\/tags?post=4545"}],"curies":[{"name":"wp","href":"https:\/\/api.w.org\/{rel}","templated":true}]}}