{"id":4554,"date":"2026-08-25T11:53:00","date_gmt":"2026-08-25T09:53:00","guid":{"rendered":"https:\/\/www.kananas.com\/uniondesretraitesducreditlyonnaisurcl2536\/?p=4554"},"modified":"2026-08-31T10:52:13","modified_gmt":"2026-08-31T08:52:13","slug":"randonnees-2027","status":"publish","type":"post","link":"https:\/\/www.kananas.com\/uniondesretraitesducreditlyonnaisurcl2536\/2026\/08\/25\/randonnees-2027\/","title":{"rendered":"Randonn\u00e9es 2027"},"content":{"rendered":"\n<p class=\"wp-block-paragraph\">&nbsp;Votre prochain s\u00e9jour\/randonn\u00e9es en Mai 2027&nbsp;<\/p>\n\n\n\n<p class=\"wp-block-paragraph\">Chers randonneurs&nbsp;<\/p>\n\n\n\n<p class=\"wp-block-paragraph\">Nous sommes heureux de vous proposer une nouvelle exp\u00e9rience de randonn\u00e9e pour commencer 2027. D\u2019autres suivront si nous avons du succ\u00e8s !\u00a0<\/p>\n\n\n\n<p class=\"wp-block-paragraph\">Install\u00e9 aux portes du Touquet dans un cadre magnifique avec plages \u00e0 perte de vue et une nature pr\u00e9serv\u00e9e, <strong>le village vacances STELLA MARIS<\/strong> vous invite \u00e0 vivre des randonn\u00e9es et visites inoubliables, dans une ambiance conviviale et familiale.\u00a0<\/p>\n\n\n\n<p class=\"wp-block-paragraph\">R\u00e9servez les dates : <strong>du 5 au 10 Mai 2027&nbsp;<\/strong><\/p>\n\n\n\n<p class=\"wp-block-paragraph\">Vous trouverez ci-apr\u00e8s:<br>     &#8211; <a href=\"https:\/\/www.kananas.com\/uniondesretraitesducreditlyonnaisurcl2536\/wp-content\/uploads\/sites\/681\/2026\/08\/Fiche-programme-randonnee-stella-maris-mai-2027.pdf\" data-type=\"link\" data-id=\"https:\/\/www.kananas.com\/uniondesretraitesducreditlyonnaisurcl2536\/wp-content\/uploads\/sites\/681\/2026\/08\/Fiche-programme-randonnee-stella-maris-mai-2027.pdf\" target=\"_blank\" rel=\"noopener\">le programme<\/a><br>     &#8211; <a href=\"https:\/\/www.kananas.com\/uniondesretraitesducreditlyonnaisurcl2536\/wp-content\/uploads\/sites\/681\/2026\/08\/Fiche-dinscription-groupe-stella-Maris-.pdf\" data-type=\"link\" data-id=\"https:\/\/www.kananas.com\/uniondesretraitesducreditlyonnaisurcl2536\/wp-content\/uploads\/sites\/681\/2026\/08\/Fiche-dinscription-groupe-stella-Maris-.pdf\" target=\"_blank\" rel=\"noopener\">les conditions et l&rsquo;inscription<\/a><br>     &#8211; <a href=\"https:\/\/www.kananas.com\/uniondesretraitesducreditlyonnaisurcl2536\/wp-content\/uploads\/sites\/681\/2026\/08\/Fiche-de-prelevement-pour-le-sejour-stella-Maris.pdf\" data-type=\"link\" data-id=\"https:\/\/www.kananas.com\/uniondesretraitesducreditlyonnaisurcl2536\/wp-content\/uploads\/sites\/681\/2026\/08\/Fiche-de-prelevement-pour-le-sejour-stella-Maris.pdf\" target=\"_blank\" rel=\"noopener\">le r\u00e8glement par pr\u00e9l\u00e8vement<\/a>.\u00a0<\/p>\n\n\n\n<p class=\"wp-block-paragraph\">Vous allez appr\u00e9cier notre programme qui allie la marche facile et les visites.&nbsp;<\/p>\n\n\n\n<p class=\"wp-block-paragraph\">Le transport se fera par <strong>co-voiturage<\/strong>.&nbsp;<\/p>\n\n\n\n<p class=\"wp-block-paragraph\">Nous vous remercions par avance de vous inscrire rapidement <strong>d\u00e8s d\u00e9but septembre<\/strong> et de bien mentionner si vous acceptez de covoiturer nos soci\u00e9taires qui n\u2019ont pas de moyen de locomotion.\u00a0<\/p>\n\n\n\n<p class=\"wp-block-paragraph\">En vous esp\u00e9rant nombreux pour cette nouvelle saison, prenez soin de vous, la marche vous y aidera.\u00a0<\/p>\n","protected":false},"excerpt":{"rendered":"<p>&nbsp;Votre prochain s\u00e9jour\/randonn\u00e9es en Mai 2027&nbsp; Chers randonneurs&nbsp; Nous sommes heureux de vous proposer une nouvelle exp\u00e9rience de randonn\u00e9e pour commencer 2027. D\u2019autres suivront si nous avons du succ\u00e8s !\u00a0 Install\u00e9 aux portes du Touquet dans un cadre magnifique avec plages \u00e0 perte de vue et une nature pr\u00e9serv\u00e9e, le village vacances STELLA MARIS vous invite \u00e0 vivre des randonn\u00e9es [&#8230;]<\/p>\n","protected":false},"author":1675,"featured_media":0,"comment_status":"open","ping_status":"open","sticky":false,"template":"","format":"standard","meta":{"footnotes":""},"categories":[14],"tags":[],"class_list":["post-4554","post","type-post","status-publish","format-standard","hentry","category-randonnees"],"_links":{"self":[{"href":"https:\/\/www.kananas.com\/uniondesretraitesducreditlyonnaisurcl2536\/wp-json\/wp\/v2\/posts\/4554","targetHints":{"allow":["GET"]}}],"collection":[{"href":"https:\/\/www.kananas.com\/uniondesretraitesducreditlyonnaisurcl2536\/wp-json\/wp\/v2\/posts"}],"about":[{"href":"https:\/\/www.kananas.com\/uniondesretraitesducreditlyonnaisurcl2536\/wp-json\/wp\/v2\/types\/post"}],"author":[{"embeddable":true,"href":"https:\/\/www.kananas.com\/uniondesretraitesducreditlyonnaisurcl2536\/wp-json\/wp\/v2\/users\/1675"}],"replies":[{"embeddable":true,"href":"https:\/\/www.kananas.com\/uniondesretraitesducreditlyonnaisurcl2536\/wp-json\/wp\/v2\/comments?post=4554"}],"version-history":[{"count":3,"href":"https:\/\/www.kananas.com\/uniondesretraitesducreditlyonnaisurcl2536\/wp-json\/wp\/v2\/posts\/4554\/revisions"}],"predecessor-version":[{"id":4561,"href":"https:\/\/www.kananas.com\/uniondesretraitesducreditlyonnaisurcl2536\/wp-json\/wp\/v2\/posts\/4554\/revisions\/4561"}],"wp:attachment":[{"href":"https:\/\/www.kananas.com\/uniondesretraitesducreditlyonnaisurcl2536\/wp-json\/wp\/v2\/media?parent=4554"}],"wp:term":[{"taxonomy":"category","embeddable":true,"href":"https:\/\/www.kananas.com\/uniondesretraitesducreditlyonnaisurcl2536\/wp-json\/wp\/v2\/categories?post=4554"},{"taxonomy":"post_tag","embeddable":true,"href":"https:\/\/www.kananas.com\/uniondesretraitesducreditlyonnaisurcl2536\/wp-json\/wp\/v2\/tags?post=4554"}],"curies":[{"name":"wp","href":"https:\/\/api.w.org\/{rel}","templated":true}]}}