{"id":3240,"date":"2023-12-16T14:23:22","date_gmt":"2023-12-16T13:23:22","guid":{"rendered":"https:\/\/www.kananas.com\/uplegess\/?p=3240"},"modified":"2024-04-06T12:12:11","modified_gmt":"2024-04-06T10:12:11","slug":"comment-former-a-des-metiers-qui-nexistent-pas-encore-participez-a-notre-journee-detude-a-paris","status":"publish","type":"post","link":"https:\/\/www.kananas.com\/uplegess\/2023\/12\/16\/comment-former-a-des-metiers-qui-nexistent-pas-encore-participez-a-notre-journee-detude-a-paris\/","title":{"rendered":"\u00ab\u00a0Comment former \u00e0 des m\u00e9tiers qui n\u2019existent pas encore ?\u00a0\u00bb Participez \u00e0 notre journ\u00e9e d&rsquo;\u00e9tude \u00e0 Paris"},"content":{"rendered":"<p>Journ\u00e9e d\u2019\u00e9tude organis\u00e9e par Paris School of Business, l\u2019Uplegess et la Conf\u00e9rence des Grandes Ecoles (CGE) &#8211; <strong>1er f\u00e9vrier 2024 de 9h \u00e0 17h \u00e0 Paris School of Business<\/strong><\/p>\n<p class=\"paragraph\" style=\"margin: 0cm;margin-bottom: .0001pt;text-align: center;vertical-align: baseline\" align=\"center\"><span class=\"normaltextrun\" style=\"color: #00ffff;font-size: 24pt\"><b><span style=\"font-family: Aharoni\"><span style=\"color: #33cccc\">Comment former \u00e0 des m\u00e9tiers qui n\u2019existent pas encore ?<\/span><\/span><\/b><\/span><\/p>\n<blockquote><p><span style=\"font-size: 14pt\">Introduction, objectifs, intervenants et programme \u00e0 lire ci-dessous <em>ou en t\u00e9l\u00e9chargeant le <a href=\"https:\/\/www.kananas.com\/uplegess\/wp-content\/uploads\/sites\/992\/2023\/12\/Programme-journee-detude.docx\">document pdf\u00a0<\/a><\/em><\/span><\/p><\/blockquote>\n<p><img loading=\"lazy\" decoding=\"async\" class=\" wp-image-3241 aligncenter\" src=\"https:\/\/www.kananas.com\/uplegess\/wp-content\/uploads\/sites\/992\/2023\/12\/metier-davenir-lab-1024x576-1-300x169.jpeg\" alt=\"\" width=\"362\" height=\"204\" srcset=\"https:\/\/www.kananas.com\/uplegess\/wp-content\/uploads\/sites\/992\/2023\/12\/metier-davenir-lab-1024x576-1-300x169.jpeg 300w, https:\/\/www.kananas.com\/uplegess\/wp-content\/uploads\/sites\/992\/2023\/12\/metier-davenir-lab-1024x576-1-768x432.jpeg 768w, https:\/\/www.kananas.com\/uplegess\/wp-content\/uploads\/sites\/992\/2023\/12\/metier-davenir-lab-1024x576-1.jpeg 1024w\" sizes=\"auto, (max-width: 362px) 100vw, 362px\" \/><\/p>\n<blockquote><p><span style=\"font-size: 14pt\"><strong><a href=\"https:\/\/www.helloasso.com\/associations\/union-des-professeurs-de-langues-etrangeres-des-grandes-ecoles-et-des-etablissements-superieurs-scientifiques\/evenements\/journee-d-etude-comment-former-aux-metiers-qui-n-existent-pas-encore\" target=\"_blank\" rel=\"noopener\">Participation gratuite avec inscription obligatoire en ligne (cliquer)\u00a0<\/a><\/strong><\/span><\/p><\/blockquote>\n<p><em>Cette journ\u00e9e sera l\u2019occasion d\u2019explorer ensemble les enjeux cruciaux li\u00e9s aux avanc\u00e9es technologiques, aux changements soci\u00e9taux et \u00e0 une conjoncture \u00e9conomique perturb\u00e9e qui engendrent constamment de nouveaux besoins sur le march\u00e9 de l&#8217;emploi. L&rsquo;\u00e9mergence de m\u00e9tiers du futur, encore inconnus, posent des d\u00e9fis majeurs aux professionnels de l\u2019enseignement sup\u00e9rieur.\u00a0<\/em><\/p>\n<p><img loading=\"lazy\" decoding=\"async\" class=\"wp-image-3263 aligncenter\" src=\"https:\/\/www.kananas.com\/uplegess\/wp-content\/uploads\/sites\/992\/2023\/12\/Capture-decran-2023-12-16-a-15.06.00-300x34.png\" alt=\"\" width=\"476\" height=\"54\" srcset=\"https:\/\/www.kananas.com\/uplegess\/wp-content\/uploads\/sites\/992\/2023\/12\/Capture-decran-2023-12-16-a-15.06.00-300x34.png 300w, https:\/\/www.kananas.com\/uplegess\/wp-content\/uploads\/sites\/992\/2023\/12\/Capture-decran-2023-12-16-a-15.06.00-1024x115.png 1024w, https:\/\/www.kananas.com\/uplegess\/wp-content\/uploads\/sites\/992\/2023\/12\/Capture-decran-2023-12-16-a-15.06.00-768x86.png 768w, https:\/\/www.kananas.com\/uplegess\/wp-content\/uploads\/sites\/992\/2023\/12\/Capture-decran-2023-12-16-a-15.06.00-1536x172.png 1536w, https:\/\/www.kananas.com\/uplegess\/wp-content\/uploads\/sites\/992\/2023\/12\/Capture-decran-2023-12-16-a-15.06.00-2048x230.png 2048w\" sizes=\"auto, (max-width: 476px) 100vw, 476px\" \/><\/p>\n<p>(&#8230;)<\/p>\n<p><!--more--><\/p>\n<p><em>Notre mission, lors de cette journ\u00e9e, sera de nous plonger dans la r\u00e9flexion sur la mani\u00e8re de maintenir la pertinence de notre enseignement, d&rsquo;assurer une flexibilit\u00e9 dans nos programmes, pr\u00e9parant ainsi nos \u00e9tudiants \u00e0 un environnement changeant, les dotant de comp\u00e9tences et de la r\u00e9silience n\u00e9cessaires pour exceller dans des environnements professionnels en constante mutation<strong>.<\/strong> Cette journ\u00e9e nous permettra par ailleurs de nous interroger sur le r\u00f4le crucial des enseignants et p\u00e9dagogues dans la formation dispens\u00e9e aux \u00e9tudiants pour les former aux m\u00e9tiers du futur.\u00a0<\/em><\/p>\n<h5><strong>Les objectifs<\/strong><\/h5>\n<ul>\n<li><strong>R\u00e9fl\u00e9chir<\/strong> sur la mani\u00e8re d\u2019adapter l&rsquo;enseignement sup\u00e9rieur aux besoins du march\u00e9 de l&#8217;emploi<\/li>\n<li><strong>S&rsquo;interroger<\/strong> sur les approches p\u00e9dagogiques adapt\u00e9es aux changements et encourager une mentalit\u00e9 d&rsquo;apprentissage en continu<\/li>\n<li><strong>R\u00e9fl\u00e9chir<\/strong> au r\u00f4le crucial des enseignants dans la formation des \u00e9tudiants pour les emplois de demain.<\/li>\n<li><strong>Identifier<\/strong> des strat\u00e9gies p\u00e9dagogiques novatrices pour int\u00e9grer de mani\u00e8re efficace l&rsquo;IA dans l&rsquo;enseignement des langues<\/li>\n<li><strong>Explorer<\/strong> comment tirer parti des technologies li\u00e9es \u00e0 l\u2019IA pour renforcer les comp\u00e9tences linguistiques des apprenants tout en pr\u00e9servant la profondeur, la nuance et la compr\u00e9hension culturelle inh\u00e9rentes aux comp\u00e9tences linguistiques humaines.<\/li>\n<\/ul>\n<h5><strong>Les intervenants\u00a0<\/strong><\/h5>\n<ul>\n<li><strong>Pascal Chabot<\/strong>, <em>philosophe et professeur \u00e0 l\u2019Institut des Hautes Etudes en Communication Sociale (IHECS) de Bruxelles.<\/em><\/li>\n<li><strong>Philippe Pierre, <\/strong><em>enseignant-chercheur en sociologie de l&rsquo;entreprise (Sciences-Po, Universit\u00e9 Paris-Dauphine, ESSEC, CNRS\u2026). Expert en ressources humaines et en management interculturel.<\/em><\/li>\n<li><strong>Jean-Charles Caillez<\/strong>, <em>enseignant-chercheur \u00e0 l\u2019Universit\u00e9 de Lille, directeur du laboratoire d\u2019innovation p\u00e9dagogique \u00ab HEMiSF4iRE Design School \u00bb.<\/em><\/li>\n<\/ul>\n<h5><strong>Le programme\u00a0<\/strong><\/h5>\n<p><img loading=\"lazy\" decoding=\"async\" class=\"wp-image-3244 aligncenter\" src=\"https:\/\/www.kananas.com\/uplegess\/wp-content\/uploads\/sites\/992\/2023\/12\/Capture-decran-2023-12-16-a-14.22.23-300x136.png\" alt=\"\" width=\"489\" height=\"222\" srcset=\"https:\/\/www.kananas.com\/uplegess\/wp-content\/uploads\/sites\/992\/2023\/12\/Capture-decran-2023-12-16-a-14.22.23-300x136.png 300w, https:\/\/www.kananas.com\/uplegess\/wp-content\/uploads\/sites\/992\/2023\/12\/Capture-decran-2023-12-16-a-14.22.23-1024x465.png 1024w, https:\/\/www.kananas.com\/uplegess\/wp-content\/uploads\/sites\/992\/2023\/12\/Capture-decran-2023-12-16-a-14.22.23-768x349.png 768w, https:\/\/www.kananas.com\/uplegess\/wp-content\/uploads\/sites\/992\/2023\/12\/Capture-decran-2023-12-16-a-14.22.23-1536x698.png 1536w, https:\/\/www.kananas.com\/uplegess\/wp-content\/uploads\/sites\/992\/2023\/12\/Capture-decran-2023-12-16-a-14.22.23-2048x930.png 2048w\" sizes=\"auto, (max-width: 489px) 100vw, 489px\" \/><\/p>\n<p><img loading=\"lazy\" decoding=\"async\" class=\" wp-image-3247 aligncenter\" src=\"https:\/\/www.kananas.com\/uplegess\/wp-content\/uploads\/sites\/992\/2023\/12\/Capture-decran-2023-12-16-a-14.24.34-235x300.png\" alt=\"\" width=\"496\" height=\"633\" srcset=\"https:\/\/www.kananas.com\/uplegess\/wp-content\/uploads\/sites\/992\/2023\/12\/Capture-decran-2023-12-16-a-14.24.34-235x300.png 235w, https:\/\/www.kananas.com\/uplegess\/wp-content\/uploads\/sites\/992\/2023\/12\/Capture-decran-2023-12-16-a-14.24.34-801x1024.png 801w, https:\/\/www.kananas.com\/uplegess\/wp-content\/uploads\/sites\/992\/2023\/12\/Capture-decran-2023-12-16-a-14.24.34-768x982.png 768w, https:\/\/www.kananas.com\/uplegess\/wp-content\/uploads\/sites\/992\/2023\/12\/Capture-decran-2023-12-16-a-14.24.34-1201x1536.png 1201w, https:\/\/www.kananas.com\/uplegess\/wp-content\/uploads\/sites\/992\/2023\/12\/Capture-decran-2023-12-16-a-14.24.34-1602x2048.png 1602w, https:\/\/www.kananas.com\/uplegess\/wp-content\/uploads\/sites\/992\/2023\/12\/Capture-decran-2023-12-16-a-14.24.34.png 1938w\" sizes=\"auto, (max-width: 496px) 100vw, 496px\" \/><\/p>\n<p>&nbsp;<\/p>\n<p>&nbsp;<\/p>\n","protected":false},"excerpt":{"rendered":"<p>Journ\u00e9e d\u2019\u00e9tude organis\u00e9e par Paris School of Business, l\u2019Uplegess et la Conf\u00e9rence des Grandes Ecoles (CGE) &#8211; 1er f\u00e9vrier 2024 de 9h \u00e0 17h \u00e0 Paris School of Business Comment former \u00e0 des m\u00e9tiers qui n\u2019existent pas encore ? Introduction, objectifs, intervenants et programme \u00e0 lire ci-dessous ou en t\u00e9l\u00e9chargeant le document pdf\u00a0 Participation gratuite avec inscription obligatoire en ligne<\/p>\n","protected":false},"author":1147,"featured_media":0,"comment_status":"closed","ping_status":"closed","sticky":false,"template":"","format":"standard","meta":{"_crdt_document":"","footnotes":""},"categories":[10,6],"tags":[],"class_list":["post-3240","post","type-post","status-publish","format-standard","hentry","category-actu-journees-detudes","category-actualites-de-luplegess"],"_links":{"self":[{"href":"https:\/\/www.kananas.com\/uplegess\/wp-json\/wp\/v2\/posts\/3240","targetHints":{"allow":["GET"]}}],"collection":[{"href":"https:\/\/www.kananas.com\/uplegess\/wp-json\/wp\/v2\/posts"}],"about":[{"href":"https:\/\/www.kananas.com\/uplegess\/wp-json\/wp\/v2\/types\/post"}],"author":[{"embeddable":true,"href":"https:\/\/www.kananas.com\/uplegess\/wp-json\/wp\/v2\/users\/1147"}],"replies":[{"embeddable":true,"href":"https:\/\/www.kananas.com\/uplegess\/wp-json\/wp\/v2\/comments?post=3240"}],"version-history":[{"count":10,"href":"https:\/\/www.kananas.com\/uplegess\/wp-json\/wp\/v2\/posts\/3240\/revisions"}],"predecessor-version":[{"id":3264,"href":"https:\/\/www.kananas.com\/uplegess\/wp-json\/wp\/v2\/posts\/3240\/revisions\/3264"}],"wp:attachment":[{"href":"https:\/\/www.kananas.com\/uplegess\/wp-json\/wp\/v2\/media?parent=3240"}],"wp:term":[{"taxonomy":"category","embeddable":true,"href":"https:\/\/www.kananas.com\/uplegess\/wp-json\/wp\/v2\/categories?post=3240"},{"taxonomy":"post_tag","embeddable":true,"href":"https:\/\/www.kananas.com\/uplegess\/wp-json\/wp\/v2\/tags?post=3240"}],"curies":[{"name":"wp","href":"https:\/\/api.w.org\/{rel}","templated":true}]}}