{"id":3502,"date":"2024-07-08T16:44:26","date_gmt":"2024-07-08T14:44:26","guid":{"rendered":"https:\/\/www.kananas.com\/uplegess\/?p=3502"},"modified":"2024-07-08T17:08:18","modified_gmt":"2024-07-08T15:08:18","slug":"les-langues-un-levier-puissant-pour-developper-ses-soft-skills-par-andrea-katzenberger","status":"publish","type":"post","link":"https:\/\/www.kananas.com\/uplegess\/2024\/07\/08\/les-langues-un-levier-puissant-pour-developper-ses-soft-skills-par-andrea-katzenberger\/","title":{"rendered":"Les langues, un levier puissant pour d\u00e9velopper ses soft-skills\u00a0par Andrea KATZENBERGER"},"content":{"rendered":"<blockquote><p><strong>Apprendre \u00e0 cultiver sa cr\u00e9ativit\u00e9, \u00e0 d\u00e9velopper son autonomie et son esprit critique, \u00e0 cr\u00e9er du lien\u00a0: tant de soft-skills essentielles dans le monde professionnel et qui sont favoris\u00e9es par l\u2019ouverture \u00e0 des langues et des cultures diff\u00e9rentes<\/strong><\/p><\/blockquote>\n<p>Le 17 juin dernier, RANACLES (Rassemblement National des Centres de Langues de l\u2019Enseignement Sup\u00e9rieur), l\u2019Universit\u00e9 de Reims Champagne-Ardenne et l\u2019Institut Catholique de Paris ont organis\u00e9 \u00e0 Reims une journ\u00e9e d\u2019\u00e9tude sur le th\u00e8me de <strong>\u00ab\u00a0L\u2019Apprentissage des langues et insertion professionnelle des jeunes dipl\u00f4m\u00e9s\u00a0\u00bb.<\/strong><\/p>\n<p>La matin\u00e9e \u00e9tait consacr\u00e9e \u00e0 une r\u00e9flexion et des \u00e9changes autour de l\u2019apprentissage des langues et le d\u00e9veloppement des soft-skills. Cette th\u00e9matique s\u2019inscrit parfaitement dans les principes de l\u2019UNESCO concernant l\u2019enseignement du futur : \u201dChildren need to learn to collaborate, to have empathy and kindness, to look after each other and the environment, as well as to solve problems and think critically. Historically, education systems around the world have emphasized acquiring knowledge and information and de-prioritized interpersonal skills. This needs to change\u201d. Les professeurs de langues ont compl\u00e8tement int\u00e9gr\u00e9 cette approche, et l\u2019\u00e9valuation des soft-skills est devenue le plus souvent une partie int\u00e9grante de la notation.<\/p>\n<p>La premi\u00e8re communication, \u00ab Le corps entre deux langues : conna\u00eetre l\u2019Autre qui est en soi \u00bb par T\u00e9r\u00e9za Ponce de l\u2019ICP, faisait \u00e9cho \u00e0 l\u2019exposition de photos lors de notre dernier congr\u00e8s \u00ab\u00a0Je devient un autre\u00a0\u00bb. D\u2019autres communications traitaient des th\u00e8mes aussi divers que la cr\u00e9ativit\u00e9, le plurilinguisme et l\u2019intercompr\u00e9hension.<\/p>\n<p>L\u2019apr\u00e8s-midi \u00e9tait plac\u00e9e sous le signe de l\u2019innovation p\u00e9dagogique en langues et l\u2019adaptation aux besoins sp\u00e9cifiques des futurs dipl\u00f4m\u00e9s. L\u2019apparition des IA g\u00e9n\u00e9ratives et la rapidit\u00e9 de leur d\u00e9veloppement a aliment\u00e9 la discussion de la soixantaine de participants, venus de Reims et de la r\u00e9gion Grand Est.<\/p>\n","protected":false},"excerpt":{"rendered":"<p>Apprendre \u00e0 cultiver sa cr\u00e9ativit\u00e9, \u00e0 d\u00e9velopper son autonomie et son esprit critique, \u00e0 cr\u00e9er du lien\u00a0: tant de soft-skills essentielles dans le monde professionnel et qui sont favoris\u00e9es par l\u2019ouverture \u00e0 des langues et des cultures diff\u00e9rentes Le 17 juin dernier, RANACLES (Rassemblement National des Centres de Langues de l\u2019Enseignement Sup\u00e9rieur), l\u2019Universit\u00e9 de Reims Champagne-Ardenne et l\u2019Institut Catholique de<\/p>\n","protected":false},"author":1147,"featured_media":0,"comment_status":"closed","ping_status":"closed","sticky":false,"template":"","format":"standard","meta":{"_crdt_document":"","footnotes":""},"categories":[3,14],"tags":[],"class_list":["post-3502","post","type-post","status-publish","format-standard","hentry","category-edito","category-edito-edito"],"_links":{"self":[{"href":"https:\/\/www.kananas.com\/uplegess\/wp-json\/wp\/v2\/posts\/3502","targetHints":{"allow":["GET"]}}],"collection":[{"href":"https:\/\/www.kananas.com\/uplegess\/wp-json\/wp\/v2\/posts"}],"about":[{"href":"https:\/\/www.kananas.com\/uplegess\/wp-json\/wp\/v2\/types\/post"}],"author":[{"embeddable":true,"href":"https:\/\/www.kananas.com\/uplegess\/wp-json\/wp\/v2\/users\/1147"}],"replies":[{"embeddable":true,"href":"https:\/\/www.kananas.com\/uplegess\/wp-json\/wp\/v2\/comments?post=3502"}],"version-history":[{"count":4,"href":"https:\/\/www.kananas.com\/uplegess\/wp-json\/wp\/v2\/posts\/3502\/revisions"}],"predecessor-version":[{"id":3506,"href":"https:\/\/www.kananas.com\/uplegess\/wp-json\/wp\/v2\/posts\/3502\/revisions\/3506"}],"wp:attachment":[{"href":"https:\/\/www.kananas.com\/uplegess\/wp-json\/wp\/v2\/media?parent=3502"}],"wp:term":[{"taxonomy":"category","embeddable":true,"href":"https:\/\/www.kananas.com\/uplegess\/wp-json\/wp\/v2\/categories?post=3502"},{"taxonomy":"post_tag","embeddable":true,"href":"https:\/\/www.kananas.com\/uplegess\/wp-json\/wp\/v2\/tags?post=3502"}],"curies":[{"name":"wp","href":"https:\/\/api.w.org\/{rel}","templated":true}]}}