{"id":2423,"date":"2020-12-01T19:35:28","date_gmt":"2020-12-01T18:35:28","guid":{"rendered":"http:\/\/www.kananas.com\/vudenhaut-france\/?p=2423"},"modified":"2021-01-10T16:42:51","modified_gmt":"2021-01-10T15:42:51","slug":"lecole-vudenhaut-est-ouverte","status":"publish","type":"post","link":"https:\/\/www.kananas.com\/vudenhaut-france\/2020\/12\/01\/lecole-vudenhaut-est-ouverte\/","title":{"rendered":"On vole ou pas ?"},"content":{"rendered":"<p>&nbsp;<\/p>\n<p><strong>VUDENHAUT-France Aviation reste ouvert !<\/strong><\/p>\n<p>Les r\u00e9servations sont ouvertes sous r\u00e9serve des <strong><span style=\"color: #ff0000\"><a href=\"https:\/\/www.ecologie.gouv.fr\/activite-des-aeroclubs\" target=\"_blank\" rel=\"noopener noreferrer\">consignes du Minist\u00e8re<\/a> et du protocole sanitaire Vudenhaut<\/span><\/strong> mis en place et respect\u00e9 depuis mars 2020 !<\/p>\n<p><span style=\"text-decoration: underline\">Pour savoir ce que vous pouvez faire :<\/span><\/p>\n<p><a href=\"https:\/\/www.ecologie.gouv.fr\/activite-des-aeroclubs\" target=\"_blank\" rel=\"noopener noreferrer\"><strong>https:\/\/www.ecologie.gouv.fr\/activite-des-aeroclubs<\/strong><\/a><\/p>\n<p><em>(Attention aux discussions et interpr\u00e9tations diverses des r\u00e9seaux sociaux, oui nous aimerions bien tous voler&#8230;)<br \/>\n<\/em><\/p>\n<p>&nbsp;<\/p>\n<p style=\"text-align: center\"><strong>Les Instructeurs sont \u00e0 votre disposition via mail, afin d\u2019acc\u00e9l\u00e9rer et de profiter de cette p\u00e9riode pour pr\u00e9parer activement vos examens th\u00e9oriques !<\/strong><\/p>\n<p style=\"text-align: center\"><strong>Les examens se d\u00e9roulent toujours.<\/strong><\/p>\n<p style=\"text-align: center\"><strong>Contacter Vincent afin de recevoir ce qu&rsquo;il vous faut pour avancer.<\/strong><\/p>\n","protected":false},"excerpt":{"rendered":"<p>&nbsp; VUDENHAUT-France Aviation reste ouvert ! Les r\u00e9servations sont ouvertes sous r\u00e9serve des consignes du Minist\u00e8re et du protocole sanitaire Vudenhaut mis en place et respect\u00e9 depuis mars 2020 ! Pour savoir ce que vous pouvez faire : https:\/\/www.ecologie.gouv.fr\/activite-des-aeroclubs (Attention &hellip; <a href=\"https:\/\/www.kananas.com\/vudenhaut-france\/2020\/12\/01\/lecole-vudenhaut-est-ouverte\/\">Continuer la lecture <span class=\"meta-nav\">&rarr;<\/span><\/a><\/p>\n","protected":false},"author":1102,"featured_media":0,"comment_status":"open","ping_status":"open","sticky":false,"template":"","format":"standard","meta":{"_crdt_document":"","footnotes":""},"categories":[6,11],"tags":[],"class_list":["post-2423","post","type-post","status-publish","format-standard","hentry","category-les-anciens-articles","category-veille-reglementaire"],"_links":{"self":[{"href":"https:\/\/www.kananas.com\/vudenhaut-france\/wp-json\/wp\/v2\/posts\/2423","targetHints":{"allow":["GET"]}}],"collection":[{"href":"https:\/\/www.kananas.com\/vudenhaut-france\/wp-json\/wp\/v2\/posts"}],"about":[{"href":"https:\/\/www.kananas.com\/vudenhaut-france\/wp-json\/wp\/v2\/types\/post"}],"author":[{"embeddable":true,"href":"https:\/\/www.kananas.com\/vudenhaut-france\/wp-json\/wp\/v2\/users\/1102"}],"replies":[{"embeddable":true,"href":"https:\/\/www.kananas.com\/vudenhaut-france\/wp-json\/wp\/v2\/comments?post=2423"}],"version-history":[{"count":6,"href":"https:\/\/www.kananas.com\/vudenhaut-france\/wp-json\/wp\/v2\/posts\/2423\/revisions"}],"predecessor-version":[{"id":2430,"href":"https:\/\/www.kananas.com\/vudenhaut-france\/wp-json\/wp\/v2\/posts\/2423\/revisions\/2430"}],"wp:attachment":[{"href":"https:\/\/www.kananas.com\/vudenhaut-france\/wp-json\/wp\/v2\/media?parent=2423"}],"wp:term":[{"taxonomy":"category","embeddable":true,"href":"https:\/\/www.kananas.com\/vudenhaut-france\/wp-json\/wp\/v2\/categories?post=2423"},{"taxonomy":"post_tag","embeddable":true,"href":"https:\/\/www.kananas.com\/vudenhaut-france\/wp-json\/wp\/v2\/tags?post=2423"}],"curies":[{"name":"wp","href":"https:\/\/api.w.org\/{rel}","templated":true}]}}