{"id":2438,"date":"2020-12-08T17:05:55","date_gmt":"2020-12-08T16:05:55","guid":{"rendered":"http:\/\/www.kananas.com\/vudenhaut-france\/?p=2438"},"modified":"2021-06-14T18:41:02","modified_gmt":"2021-06-14T16:41:02","slug":"covid-19-validite-des-formations-examens-qualifications-et-certificats","status":"publish","type":"post","link":"https:\/\/www.kananas.com\/vudenhaut-france\/2020\/12\/08\/covid-19-validite-des-formations-examens-qualifications-et-certificats\/","title":{"rendered":"Covid-19 : validit\u00e9 des formations, examens, qualifications et certificats"},"content":{"rendered":"<p>Cela peut servir&#8230;<\/p>\n<p><a href=\"https:\/\/www.ecologie.gouv.fr\/covid-19-validite-des-formations-examens-qualifications-et-certificats\" target=\"_blank\" rel=\"noopener noreferrer\">https:\/\/www.ecologie.gouv.fr\/covid-19-validite-des-formations-examens-qualifications-et-certificats<\/a><\/p>\n<p>Les r\u00e9servations sont ouvertes sous r\u00e9serve des <strong><a href=\"https:\/\/www.ecologie.gouv.fr\/activite-des-aeroclubs\" target=\"_blank\" rel=\"noopener noreferrer\">consignes du Minist\u00e8re<\/a> et du protocole sanitaire Vudenhaut<\/strong> mis en place et respect\u00e9 depuis mars 2020 !<\/p>\n<p>Pour savoir ce que vous pouvez faire :<\/p>\n<p><a href=\"https:\/\/www.ecologie.gouv.fr\/activite-des-aeroclubs\" target=\"_blank\" rel=\"noopener noreferrer\"><strong>https:\/\/www.ecologie.gouv.fr\/activite-des-aeroclubs<\/strong><\/a><\/p>\n","protected":false},"excerpt":{"rendered":"<p>Cela peut servir&#8230; https:\/\/www.ecologie.gouv.fr\/covid-19-validite-des-formations-examens-qualifications-et-certificats Les r\u00e9servations sont ouvertes sous r\u00e9serve des consignes du Minist\u00e8re et du protocole sanitaire Vudenhaut mis en place et respect\u00e9 depuis mars 2020 ! Pour savoir ce que vous pouvez faire : https:\/\/www.ecologie.gouv.fr\/activite-des-aeroclubs<\/p>\n","protected":false},"author":1102,"featured_media":0,"comment_status":"open","ping_status":"open","sticky":false,"template":"","format":"standard","meta":{"_crdt_document":"","footnotes":""},"categories":[11],"tags":[],"class_list":["post-2438","post","type-post","status-publish","format-standard","hentry","category-veille-reglementaire"],"_links":{"self":[{"href":"https:\/\/www.kananas.com\/vudenhaut-france\/wp-json\/wp\/v2\/posts\/2438","targetHints":{"allow":["GET"]}}],"collection":[{"href":"https:\/\/www.kananas.com\/vudenhaut-france\/wp-json\/wp\/v2\/posts"}],"about":[{"href":"https:\/\/www.kananas.com\/vudenhaut-france\/wp-json\/wp\/v2\/types\/post"}],"author":[{"embeddable":true,"href":"https:\/\/www.kananas.com\/vudenhaut-france\/wp-json\/wp\/v2\/users\/1102"}],"replies":[{"embeddable":true,"href":"https:\/\/www.kananas.com\/vudenhaut-france\/wp-json\/wp\/v2\/comments?post=2438"}],"version-history":[{"count":3,"href":"https:\/\/www.kananas.com\/vudenhaut-france\/wp-json\/wp\/v2\/posts\/2438\/revisions"}],"predecessor-version":[{"id":2450,"href":"https:\/\/www.kananas.com\/vudenhaut-france\/wp-json\/wp\/v2\/posts\/2438\/revisions\/2450"}],"wp:attachment":[{"href":"https:\/\/www.kananas.com\/vudenhaut-france\/wp-json\/wp\/v2\/media?parent=2438"}],"wp:term":[{"taxonomy":"category","embeddable":true,"href":"https:\/\/www.kananas.com\/vudenhaut-france\/wp-json\/wp\/v2\/categories?post=2438"},{"taxonomy":"post_tag","embeddable":true,"href":"https:\/\/www.kananas.com\/vudenhaut-france\/wp-json\/wp\/v2\/tags?post=2438"}],"curies":[{"name":"wp","href":"https:\/\/api.w.org\/{rel}","templated":true}]}}