{"id":2728,"date":"2025-03-16T09:17:05","date_gmt":"2025-03-16T08:17:05","guid":{"rendered":"https:\/\/www.kananas.com\/vudenhaut-france\/?p=2728"},"modified":"2025-04-14T17:04:03","modified_gmt":"2025-04-14T15:04:03","slug":"theorique-ppl-en-poche-2","status":"publish","type":"post","link":"https:\/\/www.kananas.com\/vudenhaut-france\/2025\/03\/16\/theorique-ppl-en-poche-2\/","title":{"rendered":"TH\u00c9ORIQUE PPL EN POCHE !"},"content":{"rendered":"<p style=\"text-align: center\"><strong>F\u00e9licitations \u00e0 Mathys,<\/strong><\/p>\n<p style=\"text-align: center\"><strong>qui vient d&rsquo;obtenir son Th\u00e9orique PPL en ce mois de mars 2025 !<\/strong><\/p>\n<p>Celui-ci venant de d\u00e9m\u00e9nager, nous lui souhaitons maintenant<\/p>\n<p>de belles navigations \u00e0 venir en esp\u00e9rant le voir passer sur nos installations \u00e0 l&rsquo;occasion&#8230;<\/p>\n<p>A bient\u00f4t donc !<\/p>\n","protected":false},"excerpt":{"rendered":"<p>F\u00e9licitations \u00e0 Mathys, qui vient d&rsquo;obtenir son Th\u00e9orique PPL en ce mois de mars 2025 ! Celui-ci venant de d\u00e9m\u00e9nager, nous lui souhaitons maintenant de belles navigations \u00e0 venir en esp\u00e9rant le voir passer sur nos installations \u00e0 l&rsquo;occasion&#8230; A &hellip; <a href=\"https:\/\/www.kananas.com\/vudenhaut-france\/2025\/03\/16\/theorique-ppl-en-poche-2\/\">Continuer la lecture <span class=\"meta-nav\">&rarr;<\/span><\/a><\/p>\n","protected":false},"author":1102,"featured_media":0,"comment_status":"open","ping_status":"open","sticky":false,"template":"","format":"standard","meta":{"_crdt_document":"","footnotes":""},"categories":[2,9],"tags":[],"class_list":["post-2728","post","type-post","status-publish","format-standard","hentry","category-les-nouvelles","category-news"],"_links":{"self":[{"href":"https:\/\/www.kananas.com\/vudenhaut-france\/wp-json\/wp\/v2\/posts\/2728","targetHints":{"allow":["GET"]}}],"collection":[{"href":"https:\/\/www.kananas.com\/vudenhaut-france\/wp-json\/wp\/v2\/posts"}],"about":[{"href":"https:\/\/www.kananas.com\/vudenhaut-france\/wp-json\/wp\/v2\/types\/post"}],"author":[{"embeddable":true,"href":"https:\/\/www.kananas.com\/vudenhaut-france\/wp-json\/wp\/v2\/users\/1102"}],"replies":[{"embeddable":true,"href":"https:\/\/www.kananas.com\/vudenhaut-france\/wp-json\/wp\/v2\/comments?post=2728"}],"version-history":[{"count":1,"href":"https:\/\/www.kananas.com\/vudenhaut-france\/wp-json\/wp\/v2\/posts\/2728\/revisions"}],"predecessor-version":[{"id":2729,"href":"https:\/\/www.kananas.com\/vudenhaut-france\/wp-json\/wp\/v2\/posts\/2728\/revisions\/2729"}],"wp:attachment":[{"href":"https:\/\/www.kananas.com\/vudenhaut-france\/wp-json\/wp\/v2\/media?parent=2728"}],"wp:term":[{"taxonomy":"category","embeddable":true,"href":"https:\/\/www.kananas.com\/vudenhaut-france\/wp-json\/wp\/v2\/categories?post=2728"},{"taxonomy":"post_tag","embeddable":true,"href":"https:\/\/www.kananas.com\/vudenhaut-france\/wp-json\/wp\/v2\/tags?post=2728"}],"curies":[{"name":"wp","href":"https:\/\/api.w.org\/{rel}","templated":true}]}}