{"id":2745,"date":"2025-07-16T12:37:52","date_gmt":"2025-07-16T10:37:52","guid":{"rendered":"https:\/\/www.kananas.com\/vudenhaut-france\/?p=2745"},"modified":"2025-08-23T12:58:03","modified_gmt":"2025-08-23T10:58:03","slug":"theorique-ppl","status":"publish","type":"post","link":"https:\/\/www.kananas.com\/vudenhaut-france\/2025\/07\/16\/theorique-ppl\/","title":{"rendered":"Th\u00e9orique PPL !"},"content":{"rendered":"<p>F\u00e9licitations \u00e0 Aur\u00e9lien,<\/p>\n<p>qui vient d&rsquo;obtenir ce <strong>mercredi 16\/07\/2025 son th\u00e9orique PPL !<\/strong><\/p>\n<p><em>Record battu, puisque celui-ci vient en moins de deux mois<\/em><\/p>\n<p><em>de faire la formation puis obtenir l&rsquo;ensemble des modules PPL&#8230;<\/em><\/p>\n<p>Nous lui souhaitons une bonne continuation<\/p>\n<p>dans sa volont\u00e9 de r\u00e9aliser une carri\u00e8re professionnelle.<\/p>\n<p>&nbsp;<\/p>\n","protected":false},"excerpt":{"rendered":"<p>F\u00e9licitations \u00e0 Aur\u00e9lien, qui vient d&rsquo;obtenir ce mercredi 16\/07\/2025 son th\u00e9orique PPL ! Record battu, puisque celui-ci vient en moins de deux mois de faire la formation puis obtenir l&rsquo;ensemble des modules PPL&#8230; Nous lui souhaitons une bonne continuation dans &hellip; <a href=\"https:\/\/www.kananas.com\/vudenhaut-france\/2025\/07\/16\/theorique-ppl\/\">Continuer la lecture <span class=\"meta-nav\">&rarr;<\/span><\/a><\/p>\n","protected":false},"author":1102,"featured_media":0,"comment_status":"open","ping_status":"open","sticky":false,"template":"","format":"standard","meta":{"_crdt_document":"","footnotes":""},"categories":[2,9],"tags":[],"class_list":["post-2745","post","type-post","status-publish","format-standard","hentry","category-les-nouvelles","category-news"],"_links":{"self":[{"href":"https:\/\/www.kananas.com\/vudenhaut-france\/wp-json\/wp\/v2\/posts\/2745","targetHints":{"allow":["GET"]}}],"collection":[{"href":"https:\/\/www.kananas.com\/vudenhaut-france\/wp-json\/wp\/v2\/posts"}],"about":[{"href":"https:\/\/www.kananas.com\/vudenhaut-france\/wp-json\/wp\/v2\/types\/post"}],"author":[{"embeddable":true,"href":"https:\/\/www.kananas.com\/vudenhaut-france\/wp-json\/wp\/v2\/users\/1102"}],"replies":[{"embeddable":true,"href":"https:\/\/www.kananas.com\/vudenhaut-france\/wp-json\/wp\/v2\/comments?post=2745"}],"version-history":[{"count":1,"href":"https:\/\/www.kananas.com\/vudenhaut-france\/wp-json\/wp\/v2\/posts\/2745\/revisions"}],"predecessor-version":[{"id":2746,"href":"https:\/\/www.kananas.com\/vudenhaut-france\/wp-json\/wp\/v2\/posts\/2745\/revisions\/2746"}],"wp:attachment":[{"href":"https:\/\/www.kananas.com\/vudenhaut-france\/wp-json\/wp\/v2\/media?parent=2745"}],"wp:term":[{"taxonomy":"category","embeddable":true,"href":"https:\/\/www.kananas.com\/vudenhaut-france\/wp-json\/wp\/v2\/categories?post=2745"},{"taxonomy":"post_tag","embeddable":true,"href":"https:\/\/www.kananas.com\/vudenhaut-france\/wp-json\/wp\/v2\/tags?post=2745"}],"curies":[{"name":"wp","href":"https:\/\/api.w.org\/{rel}","templated":true}]}}